{"id":4396,"date":"2021-01-29T09:46:54","date_gmt":"2021-01-29T08:46:54","guid":{"rendered":"http:\/\/rse-online.de\/?p=4396"},"modified":"2023-05-25T15:19:37","modified_gmt":"2023-05-25T13:19:37","slug":"schulprofil","status":"publish","type":"post","link":"https:\/\/rse-online.de\/?p=4396","title":{"rendered":"Schulprofil"},"content":{"rendered":"<h4><strong>Profilbildend sind verschiedene Angebote der Realschule Elsenfeld:<\/strong><\/h4>\r\n<p>Grunds\u00e4tzlich f\u00f6rdert die bayerische Realschule den Erwerb grundlegender Kompetenzen f\u00fcr die Pers\u00f6nlichkeitsentfaltung der jungen Menschen und deren sp\u00e4teres Berufsleben. Mit ihrem differenzierten Angebot an verschiedenen Wahlpflichtf\u00e4chergruppen kommt sie den unterschiedlichen Begabungen und Interessen der Sch\u00fclerinnen und Sch\u00fcler in besonderem Ma\u00dfe entgegen. An der RSE ist der Profilfach der Wahlpflichtf\u00e4chergruppe IIIb Werken. Zahlreiche Wahlangebote und F\u00f6rderkurse werden erg\u00e4nzend zur Unterst\u00fctzung angeboten. Bereits in der 5. Klasse k\u00f6nnen die Sch\u00fclerinnen und Sch\u00fcler zwischen den Neigungsklassen Sport, Forschen und Chor\/Theater w\u00e4hlen.<\/p>\r\n<p><span style=\"font-size: 12pt;\">An unserer Schule werden Selbstst\u00e4ndigkeit, Kreativit\u00e4t und Teamf\u00e4higkeit durch zahlreiche, auch au\u00dferunterrichtliche Projekte in allen Jahrgangsstufen gef\u00f6rdert. Eine Vielzahl an sportlichen Aktivit\u00e4ten, ein ausgewogenes Angebot an Schulfahrten sowie regelm\u00e4\u00dfige Schulgottesdienste bereichern das Schulleben. Spenden und wohlt\u00e4tige Veranstaltungen wie beispielsweise die Kooperation mit dem Weltfriedensdienst durch die w4p-Aktionen werden \u00fcber das ganze Jahr hinweg gesammelt und durchgef\u00fchrt. Die SMV plant w\u00e4hrend des ganzen Schuljahres zudem diverse Aktionen. In der Tutorenarbeit, bei den Streitschlichtern und in der Zivilcourage-AG beteiligen sich weitere Sch\u00fclergruppen.<\/span><\/p>\r\n<p><span style=\"font-size: 12pt;\">Die offene Ganztagesbetreuung genie\u00dft in der Umgebung einen sehr guten Ruf. Der F\u00f6rderkreis der Realschule als Tr\u00e4ger der Einrichtung und die Betreuung der Kinder durch geschultes Personal wie P\u00e4dagogen und eigene Lehrkr\u00e4fte garantieren eine F\u00f6rderung der Sch\u00fcler am Nachmittag auf hohem Niveau. Diese Betreuung wird von Montag bis Donnerstag von 12.00 Uhr bis 16.00 Uhr gew\u00e4hrleistet und findet in den daf\u00fcr vorgesehenen R\u00e4umlichkeiten statt. Dabei hat die Hausaufgabenzeit von 14.00 Uhr bis 15.00 Uhr ihren festen Zeitraum. Die danach folgende Freizeit wird, je nach Angebot und Nachfrage, differenziert gestaltet. Dazu geh\u00f6ren integrative Besuche der Fl\u00fcchtlingsunterkunft, Spieleangebote, Bastelaktionen, IT-Unterricht, Cheerleading, Zumba, Futtertage, Tennis wie auch ein Gitarrenkurs. Dar\u00fcber hinaus erm\u00f6glicht der F\u00f6rderkreis der RSE benachteiligten Kindern die Teilnahme an Klassenfahrten und f\u00fchrt notwendige Verhandlungen und Gespr\u00e4che in Schulfragen, die \u00fcber den Landkreis hinausgehen.<\/span><\/p>\r\n<p>Die schulpsychologische Betreuung wird in erster Linie durch eine nichtstaatliche Psychologin gew\u00e4hrleistet, die eng mit der Schule zusammenarbeitet. Dieses schulpsychologische Projekt finanziert die Schule seit Jahren eigenverantwortlich mit Hilfe von Sponsoren. Lehrkr\u00e4fte, auch mit besonderen Zusatzqualifikationen, und Gruppen wie das Krisenteam beraten die Sch\u00fcler in Konfliktsituationen <a href=\"https:\/\/rse-online.de\/wp-content\/uploads\/2023\/05\/Krisenteam.2022_23pdf.pdf\">Krisenteam.2022_23pdf<\/a>.<\/p>\r\n<p><span style=\"font-size: 12pt;\">Ein seit Jahren engagierter Elternbeirat vertritt die vielschichtigen Interessen der Elternschaft auch weit \u00fcber die Schule hinaus. Unterst\u00fctzend werden j\u00e4hrlich Klassenelternsprecher gew\u00e4hlt. Regelm\u00e4\u00dfig beteiligen sich die Eltern an Schulfeiern und nehmen an Informationsveranstaltungen sowie Fachvortr\u00e4gen teil.<\/span><\/p>\r\n<p><span style=\"font-size: 12pt;\">Seit 2017 geh\u00f6rt die RSE zu den Schulen im Landkreis Miltenberg, die das Profil einer \u201eSchule gegen Rassismus &#8211; Schule mit Courage\u201c tragen. Dieser Auszeichnung gehen viele Aktivit\u00e4ten voraus, die die SMV und deren betreuende Lehrkr\u00e4fte \u00fcber die vergangenen Jahre hindurch durchgef\u00fchrt haben. Daf\u00fcr steht der Landrat des Landkreises Miltenberg, Herr Jens Marco Scherf, Pate. Insbesondere in unserem <span style=\"color: #ff0000;\"><a href=\"https:\/\/rse-online.de\/wp-content\/uploads\/2021\/02\/002_Schulvertrag.pdf\" target=\"_blank\" rel=\"noopener\">Schulvertrag<\/a>\u00a0<span style=\"color: #000000;\">machen wir deutlich, dass uns generell ein respektvolles und friedliches Miteinander wichtig ist. Jeder soll sich in der Schulfamilie gut aufgehoben f\u00fchlen.<\/span><\/span><\/span><\/p>\r\n<p><span style=\"font-size: 12pt;\">Dar\u00fcber hinaus ist die RSE seit 2006 Kooperationsschule des HBLZ (Handballleistungszentrum) Gro\u00dfwallstadt und hat damit den Handballst\u00fctzpunkt an unserer Schule erweitert. An der RSE werden Internatssch\u00fcler des HBLZ aufgenommen und im ganz normalen Regelunterricht unterrichtet. Dazu werden sie von entsprechend geschulten Lehrkr\u00e4ften sportlich gef\u00f6rdert und zu Wettk\u00e4mpfen, die die Schulmannschaft, unterst\u00fctzt durch die Handballer des HBLZ, bestreitet, begleitet.<\/span><\/p>\r\n<p><span style=\"font-size: 12pt;\">Mit der Umsetzung bestimmter Ziele im Bereich der Nachhaltigkeit und des Umweltschutzes wird die RSE im Kalenderjahr 2019 mit dem Siegel \u201eUmweltschule\u201c ausgezeichnet. In Kooperation mit dem JEG wurde schulart\u00fcbergreifend der Miltenbecher eingef\u00fchrt und eine konkrete M\u00fclltrennung umgesetzt.<\/span><\/p>","protected":false},"excerpt":{"rendered":"<p>Profilbildend sind verschiedene Angebote der Realschule Elsenfeld: Grunds\u00e4tzlich f\u00f6rdert die bayerische Realschule den Erwerb grundlegender Kompetenzen f\u00fcr die Pers\u00f6nlichkeitsentfaltung der jungen Menschen und deren sp\u00e4teres Berufsleben. Mit ihrem differenzierten Angebot an verschiedenen Wahlpflichtf\u00e4chergruppen kommt sie den unterschiedlichen Begabungen und Interessen der Sch\u00fclerinnen und Sch\u00fcler in besonderem Ma\u00dfe entgegen. An der RSE ist der Profilfach der [&hellip;]<\/p>\n","protected":false},"author":10,"featured_media":4401,"comment_status":"closed","ping_status":"closed","sticky":false,"template":"","format":"standard","meta":{"footnotes":""},"categories":[71],"tags":[],"class_list":["post-4396","post","type-post","status-publish","format-standard","has-post-thumbnail","hentry","category-schule"],"yoast_head":"<!-- This site is optimized with the Yoast SEO plugin v27.4 - https:\/\/yoast.com\/product\/yoast-seo-wordpress\/ -->\n<title>Schulprofil - Staatliche Realschule Elsenfeld<\/title>\n<meta name=\"robots\" content=\"index, follow, max-snippet:-1, max-image-preview:large, max-video-preview:-1\" \/>\n<link rel=\"canonical\" href=\"https:\/\/rse-online.de\/?p=4396\" \/>\n<meta property=\"og:locale\" content=\"de_DE\" \/>\n<meta property=\"og:type\" content=\"article\" \/>\n<meta property=\"og:title\" content=\"Schulprofil - Staatliche Realschule Elsenfeld\" \/>\n<meta property=\"og:description\" content=\"Profilbildend sind verschiedene Angebote der Realschule Elsenfeld: Grunds\u00e4tzlich f\u00f6rdert die bayerische Realschule den Erwerb grundlegender Kompetenzen f\u00fcr die Pers\u00f6nlichkeitsentfaltung der jungen Menschen und deren sp\u00e4teres Berufsleben. Mit ihrem differenzierten Angebot an verschiedenen Wahlpflichtf\u00e4chergruppen kommt sie den unterschiedlichen Begabungen und Interessen der Sch\u00fclerinnen und Sch\u00fcler in besonderem Ma\u00dfe entgegen. An der RSE ist der Profilfach der [&hellip;]\" \/>\n<meta property=\"og:url\" content=\"https:\/\/rse-online.de\/?p=4396\" \/>\n<meta property=\"og:site_name\" content=\"Staatliche Realschule Elsenfeld\" \/>\n<meta property=\"article:published_time\" content=\"2021-01-29T08:46:54+00:00\" \/>\n<meta property=\"article:modified_time\" content=\"2023-05-25T13:19:37+00:00\" \/>\n<meta property=\"og:image\" content=\"https:\/\/rse-online.de\/wp-content\/uploads\/2021\/01\/Schulprofil_Logo.png\" \/>\n\t<meta property=\"og:image:width\" content=\"250\" \/>\n\t<meta property=\"og:image:height\" content=\"250\" \/>\n\t<meta property=\"og:image:type\" content=\"image\/png\" \/>\n<meta name=\"author\" content=\"admin\" \/>\n<meta name=\"twitter:card\" content=\"summary_large_image\" \/>\n<meta name=\"twitter:label1\" content=\"Verfasst von\" \/>\n\t<meta name=\"twitter:data1\" content=\"admin\" \/>\n\t<meta name=\"twitter:label2\" content=\"Gesch\u00e4tzte Lesezeit\" \/>\n\t<meta name=\"twitter:data2\" content=\"3\u00a0Minuten\" \/>\n<script type=\"application\/ld+json\" class=\"yoast-schema-graph\">{\"@context\":\"https:\\\/\\\/schema.org\",\"@graph\":[{\"@type\":\"Article\",\"@id\":\"https:\\\/\\\/rse-online.de\\\/?p=4396#article\",\"isPartOf\":{\"@id\":\"https:\\\/\\\/rse-online.de\\\/?p=4396\"},\"author\":{\"name\":\"admin\",\"@id\":\"https:\\\/\\\/rse-online.de\\\/#\\\/schema\\\/person\\\/50891b16848698e2b4e406ec012146e7\"},\"headline\":\"Schulprofil\",\"datePublished\":\"2021-01-29T08:46:54+00:00\",\"dateModified\":\"2023-05-25T13:19:37+00:00\",\"mainEntityOfPage\":{\"@id\":\"https:\\\/\\\/rse-online.de\\\/?p=4396\"},\"wordCount\":623,\"image\":{\"@id\":\"https:\\\/\\\/rse-online.de\\\/?p=4396#primaryimage\"},\"thumbnailUrl\":\"https:\\\/\\\/rse-online.de\\\/wp-content\\\/uploads\\\/2021\\\/01\\\/Schulprofil_Logo.png\",\"articleSection\":[\"Schule\"],\"inLanguage\":\"de\"},{\"@type\":\"WebPage\",\"@id\":\"https:\\\/\\\/rse-online.de\\\/?p=4396\",\"url\":\"https:\\\/\\\/rse-online.de\\\/?p=4396\",\"name\":\"Schulprofil - Staatliche Realschule Elsenfeld\",\"isPartOf\":{\"@id\":\"https:\\\/\\\/rse-online.de\\\/#website\"},\"primaryImageOfPage\":{\"@id\":\"https:\\\/\\\/rse-online.de\\\/?p=4396#primaryimage\"},\"image\":{\"@id\":\"https:\\\/\\\/rse-online.de\\\/?p=4396#primaryimage\"},\"thumbnailUrl\":\"https:\\\/\\\/rse-online.de\\\/wp-content\\\/uploads\\\/2021\\\/01\\\/Schulprofil_Logo.png\",\"datePublished\":\"2021-01-29T08:46:54+00:00\",\"dateModified\":\"2023-05-25T13:19:37+00:00\",\"author\":{\"@id\":\"https:\\\/\\\/rse-online.de\\\/#\\\/schema\\\/person\\\/50891b16848698e2b4e406ec012146e7\"},\"breadcrumb\":{\"@id\":\"https:\\\/\\\/rse-online.de\\\/?p=4396#breadcrumb\"},\"inLanguage\":\"de\",\"potentialAction\":[{\"@type\":\"ReadAction\",\"target\":[\"https:\\\/\\\/rse-online.de\\\/?p=4396\"]}]},{\"@type\":\"ImageObject\",\"inLanguage\":\"de\",\"@id\":\"https:\\\/\\\/rse-online.de\\\/?p=4396#primaryimage\",\"url\":\"https:\\\/\\\/rse-online.de\\\/wp-content\\\/uploads\\\/2021\\\/01\\\/Schulprofil_Logo.png\",\"contentUrl\":\"https:\\\/\\\/rse-online.de\\\/wp-content\\\/uploads\\\/2021\\\/01\\\/Schulprofil_Logo.png\",\"width\":250,\"height\":250},{\"@type\":\"BreadcrumbList\",\"@id\":\"https:\\\/\\\/rse-online.de\\\/?p=4396#breadcrumb\",\"itemListElement\":[{\"@type\":\"ListItem\",\"position\":1,\"name\":\"Start\",\"item\":\"https:\\\/\\\/rse-online.de\\\/\"},{\"@type\":\"ListItem\",\"position\":2,\"name\":\"Schulprofil\"}]},{\"@type\":\"WebSite\",\"@id\":\"https:\\\/\\\/rse-online.de\\\/#website\",\"url\":\"https:\\\/\\\/rse-online.de\\\/\",\"name\":\"Staatliche Realschule Elsenfeld\",\"description\":\"\",\"potentialAction\":[{\"@type\":\"SearchAction\",\"target\":{\"@type\":\"EntryPoint\",\"urlTemplate\":\"https:\\\/\\\/rse-online.de\\\/?s={search_term_string}\"},\"query-input\":{\"@type\":\"PropertyValueSpecification\",\"valueRequired\":true,\"valueName\":\"search_term_string\"}}],\"inLanguage\":\"de\"},{\"@type\":\"Person\",\"@id\":\"https:\\\/\\\/rse-online.de\\\/#\\\/schema\\\/person\\\/50891b16848698e2b4e406ec012146e7\",\"name\":\"admin\",\"image\":{\"@type\":\"ImageObject\",\"inLanguage\":\"de\",\"@id\":\"https:\\\/\\\/secure.gravatar.com\\\/avatar\\\/78f58dd72350690757238a8b9449b2dff46464582b91819697381572395ee4e6?s=96&d=blank&r=g\",\"url\":\"https:\\\/\\\/secure.gravatar.com\\\/avatar\\\/78f58dd72350690757238a8b9449b2dff46464582b91819697381572395ee4e6?s=96&d=blank&r=g\",\"contentUrl\":\"https:\\\/\\\/secure.gravatar.com\\\/avatar\\\/78f58dd72350690757238a8b9449b2dff46464582b91819697381572395ee4e6?s=96&d=blank&r=g\",\"caption\":\"admin\"},\"url\":\"https:\\\/\\\/rse-online.de\"}]}<\/script>\n<!-- \/ Yoast SEO plugin. -->","yoast_head_json":{"title":"Schulprofil - Staatliche Realschule Elsenfeld","robots":{"index":"index","follow":"follow","max-snippet":"max-snippet:-1","max-image-preview":"max-image-preview:large","max-video-preview":"max-video-preview:-1"},"canonical":"https:\/\/rse-online.de\/?p=4396","og_locale":"de_DE","og_type":"article","og_title":"Schulprofil - Staatliche Realschule Elsenfeld","og_description":"Profilbildend sind verschiedene Angebote der Realschule Elsenfeld: Grunds\u00e4tzlich f\u00f6rdert die bayerische Realschule den Erwerb grundlegender Kompetenzen f\u00fcr die Pers\u00f6nlichkeitsentfaltung der jungen Menschen und deren sp\u00e4teres Berufsleben. Mit ihrem differenzierten Angebot an verschiedenen Wahlpflichtf\u00e4chergruppen kommt sie den unterschiedlichen Begabungen und Interessen der Sch\u00fclerinnen und Sch\u00fcler in besonderem Ma\u00dfe entgegen. An der RSE ist der Profilfach der [&hellip;]","og_url":"https:\/\/rse-online.de\/?p=4396","og_site_name":"Staatliche Realschule Elsenfeld","article_published_time":"2021-01-29T08:46:54+00:00","article_modified_time":"2023-05-25T13:19:37+00:00","og_image":[{"width":250,"height":250,"url":"https:\/\/rse-online.de\/wp-content\/uploads\/2021\/01\/Schulprofil_Logo.png","type":"image\/png"}],"author":"admin","twitter_card":"summary_large_image","twitter_misc":{"Verfasst von":"admin","Gesch\u00e4tzte Lesezeit":"3\u00a0Minuten"},"schema":{"@context":"https:\/\/schema.org","@graph":[{"@type":"Article","@id":"https:\/\/rse-online.de\/?p=4396#article","isPartOf":{"@id":"https:\/\/rse-online.de\/?p=4396"},"author":{"name":"admin","@id":"https:\/\/rse-online.de\/#\/schema\/person\/50891b16848698e2b4e406ec012146e7"},"headline":"Schulprofil","datePublished":"2021-01-29T08:46:54+00:00","dateModified":"2023-05-25T13:19:37+00:00","mainEntityOfPage":{"@id":"https:\/\/rse-online.de\/?p=4396"},"wordCount":623,"image":{"@id":"https:\/\/rse-online.de\/?p=4396#primaryimage"},"thumbnailUrl":"https:\/\/rse-online.de\/wp-content\/uploads\/2021\/01\/Schulprofil_Logo.png","articleSection":["Schule"],"inLanguage":"de"},{"@type":"WebPage","@id":"https:\/\/rse-online.de\/?p=4396","url":"https:\/\/rse-online.de\/?p=4396","name":"Schulprofil - Staatliche Realschule Elsenfeld","isPartOf":{"@id":"https:\/\/rse-online.de\/#website"},"primaryImageOfPage":{"@id":"https:\/\/rse-online.de\/?p=4396#primaryimage"},"image":{"@id":"https:\/\/rse-online.de\/?p=4396#primaryimage"},"thumbnailUrl":"https:\/\/rse-online.de\/wp-content\/uploads\/2021\/01\/Schulprofil_Logo.png","datePublished":"2021-01-29T08:46:54+00:00","dateModified":"2023-05-25T13:19:37+00:00","author":{"@id":"https:\/\/rse-online.de\/#\/schema\/person\/50891b16848698e2b4e406ec012146e7"},"breadcrumb":{"@id":"https:\/\/rse-online.de\/?p=4396#breadcrumb"},"inLanguage":"de","potentialAction":[{"@type":"ReadAction","target":["https:\/\/rse-online.de\/?p=4396"]}]},{"@type":"ImageObject","inLanguage":"de","@id":"https:\/\/rse-online.de\/?p=4396#primaryimage","url":"https:\/\/rse-online.de\/wp-content\/uploads\/2021\/01\/Schulprofil_Logo.png","contentUrl":"https:\/\/rse-online.de\/wp-content\/uploads\/2021\/01\/Schulprofil_Logo.png","width":250,"height":250},{"@type":"BreadcrumbList","@id":"https:\/\/rse-online.de\/?p=4396#breadcrumb","itemListElement":[{"@type":"ListItem","position":1,"name":"Start","item":"https:\/\/rse-online.de\/"},{"@type":"ListItem","position":2,"name":"Schulprofil"}]},{"@type":"WebSite","@id":"https:\/\/rse-online.de\/#website","url":"https:\/\/rse-online.de\/","name":"Staatliche Realschule Elsenfeld","description":"","potentialAction":[{"@type":"SearchAction","target":{"@type":"EntryPoint","urlTemplate":"https:\/\/rse-online.de\/?s={search_term_string}"},"query-input":{"@type":"PropertyValueSpecification","valueRequired":true,"valueName":"search_term_string"}}],"inLanguage":"de"},{"@type":"Person","@id":"https:\/\/rse-online.de\/#\/schema\/person\/50891b16848698e2b4e406ec012146e7","name":"admin","image":{"@type":"ImageObject","inLanguage":"de","@id":"https:\/\/secure.gravatar.com\/avatar\/78f58dd72350690757238a8b9449b2dff46464582b91819697381572395ee4e6?s=96&d=blank&r=g","url":"https:\/\/secure.gravatar.com\/avatar\/78f58dd72350690757238a8b9449b2dff46464582b91819697381572395ee4e6?s=96&d=blank&r=g","contentUrl":"https:\/\/secure.gravatar.com\/avatar\/78f58dd72350690757238a8b9449b2dff46464582b91819697381572395ee4e6?s=96&d=blank&r=g","caption":"admin"},"url":"https:\/\/rse-online.de"}]}},"_links":{"self":[{"href":"https:\/\/rse-online.de\/index.php?rest_route=\/wp\/v2\/posts\/4396","targetHints":{"allow":["GET"]}}],"collection":[{"href":"https:\/\/rse-online.de\/index.php?rest_route=\/wp\/v2\/posts"}],"about":[{"href":"https:\/\/rse-online.de\/index.php?rest_route=\/wp\/v2\/types\/post"}],"author":[{"embeddable":true,"href":"https:\/\/rse-online.de\/index.php?rest_route=\/wp\/v2\/users\/10"}],"replies":[{"embeddable":true,"href":"https:\/\/rse-online.de\/index.php?rest_route=%2Fwp%2Fv2%2Fcomments&post=4396"}],"version-history":[{"count":11,"href":"https:\/\/rse-online.de\/index.php?rest_route=\/wp\/v2\/posts\/4396\/revisions"}],"predecessor-version":[{"id":7276,"href":"https:\/\/rse-online.de\/index.php?rest_route=\/wp\/v2\/posts\/4396\/revisions\/7276"}],"wp:featuredmedia":[{"embeddable":true,"href":"https:\/\/rse-online.de\/index.php?rest_route=\/wp\/v2\/media\/4401"}],"wp:attachment":[{"href":"https:\/\/rse-online.de\/index.php?rest_route=%2Fwp%2Fv2%2Fmedia&parent=4396"}],"wp:term":[{"taxonomy":"category","embeddable":true,"href":"https:\/\/rse-online.de\/index.php?rest_route=%2Fwp%2Fv2%2Fcategories&post=4396"},{"taxonomy":"post_tag","embeddable":true,"href":"https:\/\/rse-online.de\/index.php?rest_route=%2Fwp%2Fv2%2Ftags&post=4396"}],"curies":[{"name":"wp","href":"https:\/\/api.w.org\/{rel}","templated":true}]}}