{"id":4372,"date":"2021-01-29T09:15:23","date_gmt":"2021-01-29T08:15:23","guid":{"rendered":"http:\/\/rse-online.de\/?p=4372"},"modified":"2026-02-20T07:57:16","modified_gmt":"2026-02-20T06:57:16","slug":"inklusion","status":"publish","type":"post","link":"https:\/\/rse-online.de\/?p=4372","title":{"rendered":"Inklusion"},"content":{"rendered":"<h4><strong><span style=\"font-size: 12pt;\"><a href=\"https:\/\/www.realschulebayern.de\/bezirke\/unterfranken\/beratung\/inklusion-an-der-realschule\/\"><img loading=\"lazy\" decoding=\"async\" class=\"aligncenter wp-image-10551\" src=\"https:\/\/rse-online.de\/wp-content\/uploads\/2021\/01\/Inklusion-600x136.jpg\" alt=\"\" width=\"768\" height=\"174\" srcset=\"https:\/\/rse-online.de\/wp-content\/uploads\/2021\/01\/Inklusion-600x136.jpg 600w, https:\/\/rse-online.de\/wp-content\/uploads\/2021\/01\/Inklusion-768x174.jpg 768w, https:\/\/rse-online.de\/wp-content\/uploads\/2021\/01\/Inklusion.jpg 1291w\" sizes=\"auto, (max-width: 768px) 100vw, 768px\" \/><\/a><\/span><\/strong><\/h4>\r\n<h4><strong><span style=\"font-size: 12pt;\">Inklusion an der Staatlichen Realschule Elsenfeld<\/span><\/strong><\/h4>\r\n<p><span style=\"font-size: 12pt;\">Gem\u00e4\u00df der 2009 ratifizierten UN-Konvention \u00fcber die Rechte von Menschen mit Behinderung sowie Artikel 3 des Grundgesetzes, wonach niemand wegen seiner Behinderung benachteiligt werden darf, werden <em>Sch\u00fclerInnen mit sonderp\u00e4dagogischem F\u00f6rderbedarf<\/em>, die zugleich die <em>Realschuleignung<\/em> haben, gezielt unterst\u00fctzt, um es ihnen zu erm\u00f6glichen, ihr Leistungsverm\u00f6gen zeigen zu k\u00f6nnen. Dies geschieht durch<\/span><\/p>\r\n<ul>\r\n\t<li><span style=\"font-size: 12pt;\"><em>individuelle Unterst\u00fctzungsma\u00dfnahmen<\/em> (z.B. spezifische Pausenregelungen, Aufgabenstellungen\u2026), die an der Schule durch LehrerInnen und Schulleitung geregelt werden, sowie<\/span><\/li>\r\n\t<li><span style=\"font-size: 12pt;\"><em>Notenausgleichs-<\/em> (z.B. Zeitzuschlag) und <em>Notenschutzma\u00dfnahmen<\/em> (z.B. Nichtbewertung der Rechtschreibung), welche in Pr\u00fcfungssituationen relevant sind und von der MB-Dienststelle gepr\u00fcft werden.<\/span><\/li>\r\n<\/ul>\r\n<p><span style=\"font-size: 12pt;\">Dabei werden Schulen und Eltern vom <em>Mobilen Sonderp\u00e4dagogischen Dienst<\/em> mit den F\u00f6rderschwerpunkten<\/span><\/p>\r\n<ul>\r\n\t<li><span style=\"font-size: 12pt;\">H\u00f6ren,<\/span><\/li>\r\n\t<li><span style=\"font-size: 12pt;\">Sehen,<\/span><\/li>\r\n\t<li><span style=\"font-size: 12pt;\">Autismus und<\/span><\/li>\r\n\t<li><span style=\"font-size: 12pt;\">k\u00f6rperlich-motorische Entwicklung<\/span><\/li>\r\n<\/ul>\r\n<p><span style=\"font-size: 12pt;\">unterst\u00fctzt.<\/span><\/p>\r\n<p>&nbsp;<\/p>\r\n<p>Wenden Sie sich bitte im Bedarfsfall an unsere Inklusionsbeauftragte<\/p>\r\n<p>Michaela Grimm (michaela.grimm@rse-online.de)<\/p>\r\n<p>&nbsp;<\/p>\r\n<p><a href=\"https:\/\/www.realschulebayern.de\/bezirke\/unterfranken\/beratung\/inklusion-an-der-realschule\/\"><span style=\"font-size: 12pt;\">BRN: Inklusion\u00a0<\/span><\/a><\/p>\r\n<p><span style=\"font-size: 12pt;\"><a href=\"https:\/\/www.km.bayern.de\/lernen\/unterstuetzung\/inklusion\">Inklusion &#8211; Sch\u00fcler mit Behinderungen und sonderp\u00e4dagogischem F\u00f6rderbedarf an Bayerns Schulen<\/a><\/span><\/p>\r\n<p>&nbsp;<\/p>","protected":false},"excerpt":{"rendered":"<p>Inklusion an der Staatlichen Realschule Elsenfeld Gem\u00e4\u00df der 2009 ratifizierten UN-Konvention \u00fcber die Rechte von Menschen mit Behinderung sowie Artikel 3 des Grundgesetzes, wonach niemand wegen seiner Behinderung benachteiligt werden darf, werden Sch\u00fclerInnen mit sonderp\u00e4dagogischem F\u00f6rderbedarf, die zugleich die Realschuleignung haben, gezielt unterst\u00fctzt, um es ihnen zu erm\u00f6glichen, ihr Leistungsverm\u00f6gen zeigen zu k\u00f6nnen. Dies geschieht [&hellip;]<\/p>\n","protected":false},"author":10,"featured_media":4378,"comment_status":"closed","ping_status":"closed","sticky":false,"template":"","format":"standard","meta":{"footnotes":""},"categories":[74],"tags":[],"class_list":["post-4372","post","type-post","status-publish","format-standard","has-post-thumbnail","hentry","category-eltern"],"yoast_head":"<!-- This site is optimized with the Yoast SEO plugin v27.4 - https:\/\/yoast.com\/product\/yoast-seo-wordpress\/ -->\n<title>Inklusion - Staatliche Realschule Elsenfeld<\/title>\n<meta name=\"robots\" content=\"index, follow, max-snippet:-1, max-image-preview:large, max-video-preview:-1\" \/>\n<link rel=\"canonical\" href=\"https:\/\/rse-online.de\/?p=4372\" \/>\n<meta property=\"og:locale\" content=\"de_DE\" \/>\n<meta property=\"og:type\" content=\"article\" \/>\n<meta property=\"og:title\" content=\"Inklusion - Staatliche Realschule Elsenfeld\" \/>\n<meta property=\"og:description\" content=\"Inklusion an der Staatlichen Realschule Elsenfeld Gem\u00e4\u00df der 2009 ratifizierten UN-Konvention \u00fcber die Rechte von Menschen mit Behinderung sowie Artikel 3 des Grundgesetzes, wonach niemand wegen seiner Behinderung benachteiligt werden darf, werden Sch\u00fclerInnen mit sonderp\u00e4dagogischem F\u00f6rderbedarf, die zugleich die Realschuleignung haben, gezielt unterst\u00fctzt, um es ihnen zu erm\u00f6glichen, ihr Leistungsverm\u00f6gen zeigen zu k\u00f6nnen. Dies geschieht [&hellip;]\" \/>\n<meta property=\"og:url\" content=\"https:\/\/rse-online.de\/?p=4372\" \/>\n<meta property=\"og:site_name\" content=\"Staatliche Realschule Elsenfeld\" \/>\n<meta property=\"article:published_time\" content=\"2021-01-29T08:15:23+00:00\" \/>\n<meta property=\"article:modified_time\" content=\"2026-02-20T06:57:16+00:00\" \/>\n<meta property=\"og:image\" content=\"https:\/\/rse-online.de\/wp-content\/uploads\/2021\/01\/Inklusion_Logo.png\" \/>\n\t<meta property=\"og:image:width\" content=\"250\" \/>\n\t<meta property=\"og:image:height\" content=\"250\" \/>\n\t<meta property=\"og:image:type\" content=\"image\/png\" \/>\n<meta name=\"author\" content=\"admin\" \/>\n<meta name=\"twitter:card\" content=\"summary_large_image\" \/>\n<meta name=\"twitter:label1\" content=\"Verfasst von\" \/>\n\t<meta name=\"twitter:data1\" content=\"admin\" \/>\n\t<meta name=\"twitter:label2\" content=\"Gesch\u00e4tzte Lesezeit\" \/>\n\t<meta name=\"twitter:data2\" content=\"2\u00a0Minuten\" \/>\n<script type=\"application\/ld+json\" class=\"yoast-schema-graph\">{\"@context\":\"https:\\\/\\\/schema.org\",\"@graph\":[{\"@type\":\"Article\",\"@id\":\"https:\\\/\\\/rse-online.de\\\/?p=4372#article\",\"isPartOf\":{\"@id\":\"https:\\\/\\\/rse-online.de\\\/?p=4372\"},\"author\":{\"name\":\"admin\",\"@id\":\"https:\\\/\\\/rse-online.de\\\/#\\\/schema\\\/person\\\/50891b16848698e2b4e406ec012146e7\"},\"headline\":\"Inklusion\",\"datePublished\":\"2021-01-29T08:15:23+00:00\",\"dateModified\":\"2026-02-20T06:57:16+00:00\",\"mainEntityOfPage\":{\"@id\":\"https:\\\/\\\/rse-online.de\\\/?p=4372\"},\"wordCount\":165,\"image\":{\"@id\":\"https:\\\/\\\/rse-online.de\\\/?p=4372#primaryimage\"},\"thumbnailUrl\":\"https:\\\/\\\/rse-online.de\\\/wp-content\\\/uploads\\\/2021\\\/01\\\/Inklusion_Logo.png\",\"articleSection\":[\"Eltern\"],\"inLanguage\":\"de\"},{\"@type\":\"WebPage\",\"@id\":\"https:\\\/\\\/rse-online.de\\\/?p=4372\",\"url\":\"https:\\\/\\\/rse-online.de\\\/?p=4372\",\"name\":\"Inklusion - Staatliche Realschule Elsenfeld\",\"isPartOf\":{\"@id\":\"https:\\\/\\\/rse-online.de\\\/#website\"},\"primaryImageOfPage\":{\"@id\":\"https:\\\/\\\/rse-online.de\\\/?p=4372#primaryimage\"},\"image\":{\"@id\":\"https:\\\/\\\/rse-online.de\\\/?p=4372#primaryimage\"},\"thumbnailUrl\":\"https:\\\/\\\/rse-online.de\\\/wp-content\\\/uploads\\\/2021\\\/01\\\/Inklusion_Logo.png\",\"datePublished\":\"2021-01-29T08:15:23+00:00\",\"dateModified\":\"2026-02-20T06:57:16+00:00\",\"author\":{\"@id\":\"https:\\\/\\\/rse-online.de\\\/#\\\/schema\\\/person\\\/50891b16848698e2b4e406ec012146e7\"},\"breadcrumb\":{\"@id\":\"https:\\\/\\\/rse-online.de\\\/?p=4372#breadcrumb\"},\"inLanguage\":\"de\",\"potentialAction\":[{\"@type\":\"ReadAction\",\"target\":[\"https:\\\/\\\/rse-online.de\\\/?p=4372\"]}]},{\"@type\":\"ImageObject\",\"inLanguage\":\"de\",\"@id\":\"https:\\\/\\\/rse-online.de\\\/?p=4372#primaryimage\",\"url\":\"https:\\\/\\\/rse-online.de\\\/wp-content\\\/uploads\\\/2021\\\/01\\\/Inklusion_Logo.png\",\"contentUrl\":\"https:\\\/\\\/rse-online.de\\\/wp-content\\\/uploads\\\/2021\\\/01\\\/Inklusion_Logo.png\",\"width\":250,\"height\":250},{\"@type\":\"BreadcrumbList\",\"@id\":\"https:\\\/\\\/rse-online.de\\\/?p=4372#breadcrumb\",\"itemListElement\":[{\"@type\":\"ListItem\",\"position\":1,\"name\":\"Start\",\"item\":\"https:\\\/\\\/rse-online.de\\\/\"},{\"@type\":\"ListItem\",\"position\":2,\"name\":\"Inklusion\"}]},{\"@type\":\"WebSite\",\"@id\":\"https:\\\/\\\/rse-online.de\\\/#website\",\"url\":\"https:\\\/\\\/rse-online.de\\\/\",\"name\":\"Staatliche Realschule Elsenfeld\",\"description\":\"\",\"potentialAction\":[{\"@type\":\"SearchAction\",\"target\":{\"@type\":\"EntryPoint\",\"urlTemplate\":\"https:\\\/\\\/rse-online.de\\\/?s={search_term_string}\"},\"query-input\":{\"@type\":\"PropertyValueSpecification\",\"valueRequired\":true,\"valueName\":\"search_term_string\"}}],\"inLanguage\":\"de\"},{\"@type\":\"Person\",\"@id\":\"https:\\\/\\\/rse-online.de\\\/#\\\/schema\\\/person\\\/50891b16848698e2b4e406ec012146e7\",\"name\":\"admin\",\"image\":{\"@type\":\"ImageObject\",\"inLanguage\":\"de\",\"@id\":\"https:\\\/\\\/secure.gravatar.com\\\/avatar\\\/78f58dd72350690757238a8b9449b2dff46464582b91819697381572395ee4e6?s=96&d=blank&r=g\",\"url\":\"https:\\\/\\\/secure.gravatar.com\\\/avatar\\\/78f58dd72350690757238a8b9449b2dff46464582b91819697381572395ee4e6?s=96&d=blank&r=g\",\"contentUrl\":\"https:\\\/\\\/secure.gravatar.com\\\/avatar\\\/78f58dd72350690757238a8b9449b2dff46464582b91819697381572395ee4e6?s=96&d=blank&r=g\",\"caption\":\"admin\"},\"url\":\"https:\\\/\\\/rse-online.de\"}]}<\/script>\n<!-- \/ Yoast SEO plugin. -->","yoast_head_json":{"title":"Inklusion - Staatliche Realschule Elsenfeld","robots":{"index":"index","follow":"follow","max-snippet":"max-snippet:-1","max-image-preview":"max-image-preview:large","max-video-preview":"max-video-preview:-1"},"canonical":"https:\/\/rse-online.de\/?p=4372","og_locale":"de_DE","og_type":"article","og_title":"Inklusion - Staatliche Realschule Elsenfeld","og_description":"Inklusion an der Staatlichen Realschule Elsenfeld Gem\u00e4\u00df der 2009 ratifizierten UN-Konvention \u00fcber die Rechte von Menschen mit Behinderung sowie Artikel 3 des Grundgesetzes, wonach niemand wegen seiner Behinderung benachteiligt werden darf, werden Sch\u00fclerInnen mit sonderp\u00e4dagogischem F\u00f6rderbedarf, die zugleich die Realschuleignung haben, gezielt unterst\u00fctzt, um es ihnen zu erm\u00f6glichen, ihr Leistungsverm\u00f6gen zeigen zu k\u00f6nnen. Dies geschieht [&hellip;]","og_url":"https:\/\/rse-online.de\/?p=4372","og_site_name":"Staatliche Realschule Elsenfeld","article_published_time":"2021-01-29T08:15:23+00:00","article_modified_time":"2026-02-20T06:57:16+00:00","og_image":[{"width":250,"height":250,"url":"https:\/\/rse-online.de\/wp-content\/uploads\/2021\/01\/Inklusion_Logo.png","type":"image\/png"}],"author":"admin","twitter_card":"summary_large_image","twitter_misc":{"Verfasst von":"admin","Gesch\u00e4tzte Lesezeit":"2\u00a0Minuten"},"schema":{"@context":"https:\/\/schema.org","@graph":[{"@type":"Article","@id":"https:\/\/rse-online.de\/?p=4372#article","isPartOf":{"@id":"https:\/\/rse-online.de\/?p=4372"},"author":{"name":"admin","@id":"https:\/\/rse-online.de\/#\/schema\/person\/50891b16848698e2b4e406ec012146e7"},"headline":"Inklusion","datePublished":"2021-01-29T08:15:23+00:00","dateModified":"2026-02-20T06:57:16+00:00","mainEntityOfPage":{"@id":"https:\/\/rse-online.de\/?p=4372"},"wordCount":165,"image":{"@id":"https:\/\/rse-online.de\/?p=4372#primaryimage"},"thumbnailUrl":"https:\/\/rse-online.de\/wp-content\/uploads\/2021\/01\/Inklusion_Logo.png","articleSection":["Eltern"],"inLanguage":"de"},{"@type":"WebPage","@id":"https:\/\/rse-online.de\/?p=4372","url":"https:\/\/rse-online.de\/?p=4372","name":"Inklusion - Staatliche Realschule Elsenfeld","isPartOf":{"@id":"https:\/\/rse-online.de\/#website"},"primaryImageOfPage":{"@id":"https:\/\/rse-online.de\/?p=4372#primaryimage"},"image":{"@id":"https:\/\/rse-online.de\/?p=4372#primaryimage"},"thumbnailUrl":"https:\/\/rse-online.de\/wp-content\/uploads\/2021\/01\/Inklusion_Logo.png","datePublished":"2021-01-29T08:15:23+00:00","dateModified":"2026-02-20T06:57:16+00:00","author":{"@id":"https:\/\/rse-online.de\/#\/schema\/person\/50891b16848698e2b4e406ec012146e7"},"breadcrumb":{"@id":"https:\/\/rse-online.de\/?p=4372#breadcrumb"},"inLanguage":"de","potentialAction":[{"@type":"ReadAction","target":["https:\/\/rse-online.de\/?p=4372"]}]},{"@type":"ImageObject","inLanguage":"de","@id":"https:\/\/rse-online.de\/?p=4372#primaryimage","url":"https:\/\/rse-online.de\/wp-content\/uploads\/2021\/01\/Inklusion_Logo.png","contentUrl":"https:\/\/rse-online.de\/wp-content\/uploads\/2021\/01\/Inklusion_Logo.png","width":250,"height":250},{"@type":"BreadcrumbList","@id":"https:\/\/rse-online.de\/?p=4372#breadcrumb","itemListElement":[{"@type":"ListItem","position":1,"name":"Start","item":"https:\/\/rse-online.de\/"},{"@type":"ListItem","position":2,"name":"Inklusion"}]},{"@type":"WebSite","@id":"https:\/\/rse-online.de\/#website","url":"https:\/\/rse-online.de\/","name":"Staatliche Realschule Elsenfeld","description":"","potentialAction":[{"@type":"SearchAction","target":{"@type":"EntryPoint","urlTemplate":"https:\/\/rse-online.de\/?s={search_term_string}"},"query-input":{"@type":"PropertyValueSpecification","valueRequired":true,"valueName":"search_term_string"}}],"inLanguage":"de"},{"@type":"Person","@id":"https:\/\/rse-online.de\/#\/schema\/person\/50891b16848698e2b4e406ec012146e7","name":"admin","image":{"@type":"ImageObject","inLanguage":"de","@id":"https:\/\/secure.gravatar.com\/avatar\/78f58dd72350690757238a8b9449b2dff46464582b91819697381572395ee4e6?s=96&d=blank&r=g","url":"https:\/\/secure.gravatar.com\/avatar\/78f58dd72350690757238a8b9449b2dff46464582b91819697381572395ee4e6?s=96&d=blank&r=g","contentUrl":"https:\/\/secure.gravatar.com\/avatar\/78f58dd72350690757238a8b9449b2dff46464582b91819697381572395ee4e6?s=96&d=blank&r=g","caption":"admin"},"url":"https:\/\/rse-online.de"}]}},"_links":{"self":[{"href":"https:\/\/rse-online.de\/index.php?rest_route=\/wp\/v2\/posts\/4372","targetHints":{"allow":["GET"]}}],"collection":[{"href":"https:\/\/rse-online.de\/index.php?rest_route=\/wp\/v2\/posts"}],"about":[{"href":"https:\/\/rse-online.de\/index.php?rest_route=\/wp\/v2\/types\/post"}],"author":[{"embeddable":true,"href":"https:\/\/rse-online.de\/index.php?rest_route=\/wp\/v2\/users\/10"}],"replies":[{"embeddable":true,"href":"https:\/\/rse-online.de\/index.php?rest_route=%2Fwp%2Fv2%2Fcomments&post=4372"}],"version-history":[{"count":15,"href":"https:\/\/rse-online.de\/index.php?rest_route=\/wp\/v2\/posts\/4372\/revisions"}],"predecessor-version":[{"id":10554,"href":"https:\/\/rse-online.de\/index.php?rest_route=\/wp\/v2\/posts\/4372\/revisions\/10554"}],"wp:featuredmedia":[{"embeddable":true,"href":"https:\/\/rse-online.de\/index.php?rest_route=\/wp\/v2\/media\/4378"}],"wp:attachment":[{"href":"https:\/\/rse-online.de\/index.php?rest_route=%2Fwp%2Fv2%2Fmedia&parent=4372"}],"wp:term":[{"taxonomy":"category","embeddable":true,"href":"https:\/\/rse-online.de\/index.php?rest_route=%2Fwp%2Fv2%2Fcategories&post=4372"},{"taxonomy":"post_tag","embeddable":true,"href":"https:\/\/rse-online.de\/index.php?rest_route=%2Fwp%2Fv2%2Ftags&post=4372"}],"curies":[{"name":"wp","href":"https:\/\/api.w.org\/{rel}","templated":true}]}}