{"id":4312,"date":"2021-01-28T18:03:55","date_gmt":"2021-01-28T17:03:55","guid":{"rendered":"http:\/\/rse-online.de\/?p=4312"},"modified":"2021-02-08T11:06:26","modified_gmt":"2021-02-08T10:06:26","slug":"wahlpflichtfaechergruppen","status":"publish","type":"post","link":"https:\/\/rse-online.de\/?p=4312","title":{"rendered":"Wahlpflichtf\u00e4chergruppen"},"content":{"rendered":"<h4><strong>Wahlpflichtf\u00e4chergruppe I<\/strong><\/h4>\r\n<p><span style=\"font-size: 12pt;\"><strong>Schwerpunkt<\/strong>: mathematisch-naturwissenschaftlich-technischer Bereich<\/span><br \/>\r\n<span style=\"font-size: 12pt;\"><strong>Profilfach<\/strong>: <a href=\"https:\/\/rse-online.de\/?p=3859\">Physik<\/a><\/span><\/p>\r\n<ul>\r\n\t<li><span style=\"font-size: 12pt;\">Mathematik mit erh\u00f6hter Stundenzahl in den Jahrgangsstufen 7 bis 10<\/span><\/li>\r\n\t<li><span style=\"font-size: 12pt;\">Physik ab Jahrgangsstufe 7 und mit erh\u00f6hter Stundenzahl<\/span><\/li>\r\n\t<li><span style=\"font-size: 12pt;\">in Jahrgangsstufe 9 und 10 \u2013 Chemie<\/span><\/li>\r\n\t<li><span style=\"font-size: 12pt;\"><span style=\"font-size: 12pt;\"><span style=\"font-size: 12pt;\">ab Jahrgangsstufe 8 \u2013 Informationstechnologie mit Technischem Zeichnen \/ CAD oder Informatik<\/span><\/span><\/span><\/li>\r\n<\/ul>\r\n<div style=\"width: 640px;\" class=\"wp-video\"><video class=\"wp-video-shortcode\" id=\"video-4312-1\" width=\"640\" height=\"360\" preload=\"metadata\" controls=\"controls\"><source type=\"video\/mp4\" src=\"https:\/\/rse-online.de\/wp-content\/uploads\/2021\/01\/WPFG-I_3_1.mp4?_=1\" \/><a href=\"https:\/\/rse-online.de\/wp-content\/uploads\/2021\/01\/WPFG-I_3_1.mp4\">https:\/\/rse-online.de\/wp-content\/uploads\/2021\/01\/WPFG-I_3_1.mp4<\/a><\/video><\/div>\r\n<h4><br \/>\r\n<strong>Wahlpflichtf\u00e4chergruppe II<\/strong><\/h4>\r\n<p><span style=\"font-size: 12pt;\"><strong>Schwerpunkt<\/strong>: wirtschaftlicher Bereich<\/span><br \/>\r\n<span style=\"font-size: 12pt;\"><strong>Profilfach<\/strong>: <a href=\"https:\/\/rse-online.de\/?p=3894\">Betriebswirtschaftslehre\/Rechnungswesen (BWR)<\/a><\/span><\/p>\r\n<ul>\r\n\t<li><span style=\"font-size: 12pt;\">Wirtschafts- und Rechtslehre in den Jahrgangsstufen 8 und 9<\/span><\/li>\r\n\t<li><span style=\"font-size: 12pt;\">Betriebswirtschaftslehre\/Rechnungswesen ab Jahrgangsstufe 7\u00a0<\/span><\/li>\r\n\t<li><span style=\"font-size: 12pt;\">Informationstechnologie mit Schwerpunkt Betriebswirtschaftslehre\/Rechnungswesen<\/span><\/li>\r\n<\/ul>\r\n<div style=\"width: 640px;\" class=\"wp-video\"><video class=\"wp-video-shortcode\" id=\"video-4312-2\" width=\"640\" height=\"480\" preload=\"auto\" controls=\"controls\"><source type=\"video\/mp4\" src=\"https:\/\/rse-online.de\/wp-content\/uploads\/2021\/01\/BWR-und-WiR-Praesentation-Lehrplan-Plus.mp4?_=2\" \/><a href=\"https:\/\/rse-online.de\/wp-content\/uploads\/2021\/01\/BWR-und-WiR-Praesentation-Lehrplan-Plus.mp4\">https:\/\/rse-online.de\/wp-content\/uploads\/2021\/01\/BWR-und-WiR-Praesentation-Lehrplan-Plus.mp4<\/a><\/video><\/div>\r\n<p>&nbsp;<\/p>\r\n<h4><strong>Wahlpflichtf\u00e4chergruppe IIIa<\/strong><\/h4>\r\n<p><span style=\"font-size: 12pt;\"><strong>Schwerpunkt<\/strong>: zweite Fremdsprache Franz\u00f6sisch<\/span><br \/>\r\n<span style=\"font-size: 12pt;\"><strong>Profilfach<\/strong>: <a href=\"https:\/\/rse-online.de\/?p=3909\">Franz\u00f6sisch<\/a><\/span><\/p>\r\n<ul>\r\n\t<li><span style=\"font-size: 12pt;\">Franz\u00f6sisch als zweite Pflichtsprache ab Jahrgangsstufe 7<\/span><\/li>\r\n\t<li><span style=\"font-size: 12pt;\">Betriebswirtschaftslehre\/Rechnungswesen in Jgst. 7 bis 9<\/span><\/li>\r\n\t<li><span style=\"font-size: 12pt;\">Informationstechnologie mit Schwerpunkt Betriebswirtschaftslehre\/Rechnungswesen<\/span><\/li>\r\n<\/ul>\r\n<div style=\"width: 640px;\" class=\"wp-video\"><video class=\"wp-video-shortcode\" id=\"video-4312-3\" width=\"640\" height=\"427\" preload=\"auto\" controls=\"controls\"><source type=\"video\/mp4\" src=\"https:\/\/rse-online.de\/wp-content\/uploads\/2021\/01\/Franzoesisch_PPT_2-1.mp4?_=3\" \/><a href=\"https:\/\/rse-online.de\/wp-content\/uploads\/2021\/01\/Franzoesisch_PPT_2-1.mp4\">https:\/\/rse-online.de\/wp-content\/uploads\/2021\/01\/Franzoesisch_PPT_2-1.mp4<\/a><\/video><\/div>\r\n<h3>\u00a0<\/h3>\r\n<h4><strong>Wahlpflichtf\u00e4chergruppe IIIb<\/strong><\/h4>\r\n<p><span style=\"font-size: 12pt;\"><strong>Schwerpunkt<\/strong>: musisch-gestaltend oder hauswirtschaftlich oder sozialer Bereich<\/span><br \/>\r\n<span style=\"font-size: 12pt;\"><strong>Profilfach<\/strong>: <a href=\"https:\/\/rse-online.de\/?p=3957\">Werken<\/a><\/span><\/p>\r\n<ul>\r\n\t<li><span style=\"font-size: 12pt;\">Werken ab Jahrgangsstufe 7\u00a0<\/span><\/li>\r\n\t<li><span style=\"font-size: 12pt;\">Musik auch in Jahrgangsstufe 10<\/span><\/li>\r\n\t<li><span style=\"font-size: 12pt;\">Informationstechnologie mit Betriebswirtschaftslehre\/Rechnungswesen oder Technischem Zeichnen \/ CAD oder Informatik<\/span><\/li>\r\n<\/ul>\r\n<div style=\"width: 640px;\" class=\"wp-video\"><video class=\"wp-video-shortcode\" id=\"video-4312-4\" width=\"640\" height=\"480\" preload=\"auto\" controls=\"controls\"><source type=\"video\/mp4\" src=\"https:\/\/rse-online.de\/wp-content\/uploads\/2021\/01\/Werken_PPT.mp4?_=4\" \/><a href=\"https:\/\/rse-online.de\/wp-content\/uploads\/2021\/01\/Werken_PPT.mp4\">https:\/\/rse-online.de\/wp-content\/uploads\/2021\/01\/Werken_PPT.mp4<\/a><\/video><\/div>\r\n<h3>\u00a0<\/h3>\r\n<h4><strong>\u00dcbersicht<\/strong><\/h4>\r\n<p><span style=\"font-size: 12pt;\">Weiterf\u00fchrende Informationen sowie die Stundentafeln zu allen Wahlpflichtf\u00e4chergruppen finden sie auf der Seite des &#8222;Bayrischen Realschulnetz BRN&#8220; <a href=\"https:\/\/www.realschulebayern.de\/realschule\/realschule-in-bayern\/wahlpflichtfaechergruppen\/\">BRN: Wahlpflichtf\u00e4chergruppen (realschulebayern.de)<\/a><\/span><\/p>","protected":false},"excerpt":{"rendered":"<p>Wahlpflichtf\u00e4chergruppe I Schwerpunkt: mathematisch-naturwissenschaftlich-technischer Bereich Profilfach: Physik Mathematik mit erh\u00f6hter Stundenzahl in den Jahrgangsstufen 7 bis 10 Physik ab Jahrgangsstufe 7 und mit erh\u00f6hter Stundenzahl in Jahrgangsstufe 9 und 10 \u2013 Chemie ab Jahrgangsstufe 8 \u2013 Informationstechnologie mit Technischem Zeichnen \/ CAD oder Informatik Wahlpflichtf\u00e4chergruppe II Schwerpunkt: wirtschaftlicher Bereich Profilfach: Betriebswirtschaftslehre\/Rechnungswesen (BWR) Wirtschafts- und Rechtslehre [&hellip;]<\/p>\n","protected":false},"author":10,"featured_media":4345,"comment_status":"closed","ping_status":"closed","sticky":false,"template":"","format":"standard","meta":{"footnotes":""},"categories":[70],"tags":[],"class_list":["post-4312","post","type-post","status-publish","format-standard","has-post-thumbnail","hentry","category-faecher"],"yoast_head":"<!-- This site is optimized with the Yoast SEO plugin v27.4 - https:\/\/yoast.com\/product\/yoast-seo-wordpress\/ -->\n<title>Wahlpflichtf\u00e4chergruppen - Staatliche Realschule Elsenfeld<\/title>\n<meta name=\"robots\" content=\"index, follow, max-snippet:-1, max-image-preview:large, max-video-preview:-1\" \/>\n<link rel=\"canonical\" href=\"https:\/\/rse-online.de\/?p=4312\" \/>\n<meta property=\"og:locale\" content=\"de_DE\" \/>\n<meta property=\"og:type\" content=\"article\" \/>\n<meta property=\"og:title\" content=\"Wahlpflichtf\u00e4chergruppen - Staatliche Realschule Elsenfeld\" \/>\n<meta property=\"og:description\" content=\"Wahlpflichtf\u00e4chergruppe I Schwerpunkt: mathematisch-naturwissenschaftlich-technischer Bereich Profilfach: Physik Mathematik mit erh\u00f6hter Stundenzahl in den Jahrgangsstufen 7 bis 10 Physik ab Jahrgangsstufe 7 und mit erh\u00f6hter Stundenzahl in Jahrgangsstufe 9 und 10 \u2013 Chemie ab Jahrgangsstufe 8 \u2013 Informationstechnologie mit Technischem Zeichnen \/ CAD oder Informatik Wahlpflichtf\u00e4chergruppe II Schwerpunkt: wirtschaftlicher Bereich Profilfach: Betriebswirtschaftslehre\/Rechnungswesen (BWR) Wirtschafts- und Rechtslehre [&hellip;]\" \/>\n<meta property=\"og:url\" content=\"https:\/\/rse-online.de\/?p=4312\" \/>\n<meta property=\"og:site_name\" content=\"Staatliche Realschule Elsenfeld\" \/>\n<meta property=\"article:published_time\" content=\"2021-01-28T17:03:55+00:00\" \/>\n<meta property=\"article:modified_time\" content=\"2021-02-08T10:06:26+00:00\" \/>\n<meta property=\"og:image\" content=\"https:\/\/rse-online.de\/wp-content\/uploads\/2021\/01\/Wahlpflicht_Logo.png\" \/>\n\t<meta property=\"og:image:width\" content=\"250\" \/>\n\t<meta property=\"og:image:height\" content=\"250\" \/>\n\t<meta property=\"og:image:type\" content=\"image\/png\" \/>\n<meta name=\"author\" content=\"admin\" \/>\n<meta name=\"twitter:card\" content=\"summary_large_image\" \/>\n<meta name=\"twitter:label1\" content=\"Verfasst von\" \/>\n\t<meta name=\"twitter:data1\" content=\"admin\" \/>\n\t<meta name=\"twitter:label2\" content=\"Gesch\u00e4tzte Lesezeit\" \/>\n\t<meta name=\"twitter:data2\" content=\"1\u00a0Minute\" \/>\n<script type=\"application\/ld+json\" class=\"yoast-schema-graph\">{\"@context\":\"https:\\\/\\\/schema.org\",\"@graph\":[{\"@type\":\"Article\",\"@id\":\"https:\\\/\\\/rse-online.de\\\/?p=4312#article\",\"isPartOf\":{\"@id\":\"https:\\\/\\\/rse-online.de\\\/?p=4312\"},\"author\":{\"name\":\"admin\",\"@id\":\"https:\\\/\\\/rse-online.de\\\/#\\\/schema\\\/person\\\/50891b16848698e2b4e406ec012146e7\"},\"headline\":\"Wahlpflichtf\u00e4chergruppen\",\"datePublished\":\"2021-01-28T17:03:55+00:00\",\"dateModified\":\"2021-02-08T10:06:26+00:00\",\"mainEntityOfPage\":{\"@id\":\"https:\\\/\\\/rse-online.de\\\/?p=4312\"},\"wordCount\":206,\"image\":{\"@id\":\"https:\\\/\\\/rse-online.de\\\/?p=4312#primaryimage\"},\"thumbnailUrl\":\"https:\\\/\\\/rse-online.de\\\/wp-content\\\/uploads\\\/2021\\\/01\\\/Wahlpflicht_Logo.png\",\"articleSection\":[\"F\u00e4cher\"],\"inLanguage\":\"de\"},{\"@type\":\"WebPage\",\"@id\":\"https:\\\/\\\/rse-online.de\\\/?p=4312\",\"url\":\"https:\\\/\\\/rse-online.de\\\/?p=4312\",\"name\":\"Wahlpflichtf\u00e4chergruppen - Staatliche Realschule Elsenfeld\",\"isPartOf\":{\"@id\":\"https:\\\/\\\/rse-online.de\\\/#website\"},\"primaryImageOfPage\":{\"@id\":\"https:\\\/\\\/rse-online.de\\\/?p=4312#primaryimage\"},\"image\":{\"@id\":\"https:\\\/\\\/rse-online.de\\\/?p=4312#primaryimage\"},\"thumbnailUrl\":\"https:\\\/\\\/rse-online.de\\\/wp-content\\\/uploads\\\/2021\\\/01\\\/Wahlpflicht_Logo.png\",\"datePublished\":\"2021-01-28T17:03:55+00:00\",\"dateModified\":\"2021-02-08T10:06:26+00:00\",\"author\":{\"@id\":\"https:\\\/\\\/rse-online.de\\\/#\\\/schema\\\/person\\\/50891b16848698e2b4e406ec012146e7\"},\"breadcrumb\":{\"@id\":\"https:\\\/\\\/rse-online.de\\\/?p=4312#breadcrumb\"},\"inLanguage\":\"de\",\"potentialAction\":[{\"@type\":\"ReadAction\",\"target\":[\"https:\\\/\\\/rse-online.de\\\/?p=4312\"]}]},{\"@type\":\"ImageObject\",\"inLanguage\":\"de\",\"@id\":\"https:\\\/\\\/rse-online.de\\\/?p=4312#primaryimage\",\"url\":\"https:\\\/\\\/rse-online.de\\\/wp-content\\\/uploads\\\/2021\\\/01\\\/Wahlpflicht_Logo.png\",\"contentUrl\":\"https:\\\/\\\/rse-online.de\\\/wp-content\\\/uploads\\\/2021\\\/01\\\/Wahlpflicht_Logo.png\",\"width\":250,\"height\":250},{\"@type\":\"BreadcrumbList\",\"@id\":\"https:\\\/\\\/rse-online.de\\\/?p=4312#breadcrumb\",\"itemListElement\":[{\"@type\":\"ListItem\",\"position\":1,\"name\":\"Start\",\"item\":\"https:\\\/\\\/rse-online.de\\\/\"},{\"@type\":\"ListItem\",\"position\":2,\"name\":\"Wahlpflichtf\u00e4chergruppen\"}]},{\"@type\":\"WebSite\",\"@id\":\"https:\\\/\\\/rse-online.de\\\/#website\",\"url\":\"https:\\\/\\\/rse-online.de\\\/\",\"name\":\"Staatliche Realschule Elsenfeld\",\"description\":\"\",\"potentialAction\":[{\"@type\":\"SearchAction\",\"target\":{\"@type\":\"EntryPoint\",\"urlTemplate\":\"https:\\\/\\\/rse-online.de\\\/?s={search_term_string}\"},\"query-input\":{\"@type\":\"PropertyValueSpecification\",\"valueRequired\":true,\"valueName\":\"search_term_string\"}}],\"inLanguage\":\"de\"},{\"@type\":\"Person\",\"@id\":\"https:\\\/\\\/rse-online.de\\\/#\\\/schema\\\/person\\\/50891b16848698e2b4e406ec012146e7\",\"name\":\"admin\",\"image\":{\"@type\":\"ImageObject\",\"inLanguage\":\"de\",\"@id\":\"https:\\\/\\\/secure.gravatar.com\\\/avatar\\\/78f58dd72350690757238a8b9449b2dff46464582b91819697381572395ee4e6?s=96&d=blank&r=g\",\"url\":\"https:\\\/\\\/secure.gravatar.com\\\/avatar\\\/78f58dd72350690757238a8b9449b2dff46464582b91819697381572395ee4e6?s=96&d=blank&r=g\",\"contentUrl\":\"https:\\\/\\\/secure.gravatar.com\\\/avatar\\\/78f58dd72350690757238a8b9449b2dff46464582b91819697381572395ee4e6?s=96&d=blank&r=g\",\"caption\":\"admin\"},\"url\":\"https:\\\/\\\/rse-online.de\"}]}<\/script>\n<!-- \/ Yoast SEO plugin. -->","yoast_head_json":{"title":"Wahlpflichtf\u00e4chergruppen - Staatliche Realschule Elsenfeld","robots":{"index":"index","follow":"follow","max-snippet":"max-snippet:-1","max-image-preview":"max-image-preview:large","max-video-preview":"max-video-preview:-1"},"canonical":"https:\/\/rse-online.de\/?p=4312","og_locale":"de_DE","og_type":"article","og_title":"Wahlpflichtf\u00e4chergruppen - Staatliche Realschule Elsenfeld","og_description":"Wahlpflichtf\u00e4chergruppe I Schwerpunkt: mathematisch-naturwissenschaftlich-technischer Bereich Profilfach: Physik Mathematik mit erh\u00f6hter Stundenzahl in den Jahrgangsstufen 7 bis 10 Physik ab Jahrgangsstufe 7 und mit erh\u00f6hter Stundenzahl in Jahrgangsstufe 9 und 10 \u2013 Chemie ab Jahrgangsstufe 8 \u2013 Informationstechnologie mit Technischem Zeichnen \/ CAD oder Informatik Wahlpflichtf\u00e4chergruppe II Schwerpunkt: wirtschaftlicher Bereich Profilfach: Betriebswirtschaftslehre\/Rechnungswesen (BWR) Wirtschafts- und Rechtslehre [&hellip;]","og_url":"https:\/\/rse-online.de\/?p=4312","og_site_name":"Staatliche Realschule Elsenfeld","article_published_time":"2021-01-28T17:03:55+00:00","article_modified_time":"2021-02-08T10:06:26+00:00","og_image":[{"width":250,"height":250,"url":"https:\/\/rse-online.de\/wp-content\/uploads\/2021\/01\/Wahlpflicht_Logo.png","type":"image\/png"}],"author":"admin","twitter_card":"summary_large_image","twitter_misc":{"Verfasst von":"admin","Gesch\u00e4tzte Lesezeit":"1\u00a0Minute"},"schema":{"@context":"https:\/\/schema.org","@graph":[{"@type":"Article","@id":"https:\/\/rse-online.de\/?p=4312#article","isPartOf":{"@id":"https:\/\/rse-online.de\/?p=4312"},"author":{"name":"admin","@id":"https:\/\/rse-online.de\/#\/schema\/person\/50891b16848698e2b4e406ec012146e7"},"headline":"Wahlpflichtf\u00e4chergruppen","datePublished":"2021-01-28T17:03:55+00:00","dateModified":"2021-02-08T10:06:26+00:00","mainEntityOfPage":{"@id":"https:\/\/rse-online.de\/?p=4312"},"wordCount":206,"image":{"@id":"https:\/\/rse-online.de\/?p=4312#primaryimage"},"thumbnailUrl":"https:\/\/rse-online.de\/wp-content\/uploads\/2021\/01\/Wahlpflicht_Logo.png","articleSection":["F\u00e4cher"],"inLanguage":"de"},{"@type":"WebPage","@id":"https:\/\/rse-online.de\/?p=4312","url":"https:\/\/rse-online.de\/?p=4312","name":"Wahlpflichtf\u00e4chergruppen - Staatliche Realschule Elsenfeld","isPartOf":{"@id":"https:\/\/rse-online.de\/#website"},"primaryImageOfPage":{"@id":"https:\/\/rse-online.de\/?p=4312#primaryimage"},"image":{"@id":"https:\/\/rse-online.de\/?p=4312#primaryimage"},"thumbnailUrl":"https:\/\/rse-online.de\/wp-content\/uploads\/2021\/01\/Wahlpflicht_Logo.png","datePublished":"2021-01-28T17:03:55+00:00","dateModified":"2021-02-08T10:06:26+00:00","author":{"@id":"https:\/\/rse-online.de\/#\/schema\/person\/50891b16848698e2b4e406ec012146e7"},"breadcrumb":{"@id":"https:\/\/rse-online.de\/?p=4312#breadcrumb"},"inLanguage":"de","potentialAction":[{"@type":"ReadAction","target":["https:\/\/rse-online.de\/?p=4312"]}]},{"@type":"ImageObject","inLanguage":"de","@id":"https:\/\/rse-online.de\/?p=4312#primaryimage","url":"https:\/\/rse-online.de\/wp-content\/uploads\/2021\/01\/Wahlpflicht_Logo.png","contentUrl":"https:\/\/rse-online.de\/wp-content\/uploads\/2021\/01\/Wahlpflicht_Logo.png","width":250,"height":250},{"@type":"BreadcrumbList","@id":"https:\/\/rse-online.de\/?p=4312#breadcrumb","itemListElement":[{"@type":"ListItem","position":1,"name":"Start","item":"https:\/\/rse-online.de\/"},{"@type":"ListItem","position":2,"name":"Wahlpflichtf\u00e4chergruppen"}]},{"@type":"WebSite","@id":"https:\/\/rse-online.de\/#website","url":"https:\/\/rse-online.de\/","name":"Staatliche Realschule Elsenfeld","description":"","potentialAction":[{"@type":"SearchAction","target":{"@type":"EntryPoint","urlTemplate":"https:\/\/rse-online.de\/?s={search_term_string}"},"query-input":{"@type":"PropertyValueSpecification","valueRequired":true,"valueName":"search_term_string"}}],"inLanguage":"de"},{"@type":"Person","@id":"https:\/\/rse-online.de\/#\/schema\/person\/50891b16848698e2b4e406ec012146e7","name":"admin","image":{"@type":"ImageObject","inLanguage":"de","@id":"https:\/\/secure.gravatar.com\/avatar\/78f58dd72350690757238a8b9449b2dff46464582b91819697381572395ee4e6?s=96&d=blank&r=g","url":"https:\/\/secure.gravatar.com\/avatar\/78f58dd72350690757238a8b9449b2dff46464582b91819697381572395ee4e6?s=96&d=blank&r=g","contentUrl":"https:\/\/secure.gravatar.com\/avatar\/78f58dd72350690757238a8b9449b2dff46464582b91819697381572395ee4e6?s=96&d=blank&r=g","caption":"admin"},"url":"https:\/\/rse-online.de"}]}},"_links":{"self":[{"href":"https:\/\/rse-online.de\/index.php?rest_route=\/wp\/v2\/posts\/4312","targetHints":{"allow":["GET"]}}],"collection":[{"href":"https:\/\/rse-online.de\/index.php?rest_route=\/wp\/v2\/posts"}],"about":[{"href":"https:\/\/rse-online.de\/index.php?rest_route=\/wp\/v2\/types\/post"}],"author":[{"embeddable":true,"href":"https:\/\/rse-online.de\/index.php?rest_route=\/wp\/v2\/users\/10"}],"replies":[{"embeddable":true,"href":"https:\/\/rse-online.de\/index.php?rest_route=%2Fwp%2Fv2%2Fcomments&post=4312"}],"version-history":[{"count":15,"href":"https:\/\/rse-online.de\/index.php?rest_route=\/wp\/v2\/posts\/4312\/revisions"}],"predecessor-version":[{"id":4628,"href":"https:\/\/rse-online.de\/index.php?rest_route=\/wp\/v2\/posts\/4312\/revisions\/4628"}],"wp:featuredmedia":[{"embeddable":true,"href":"https:\/\/rse-online.de\/index.php?rest_route=\/wp\/v2\/media\/4345"}],"wp:attachment":[{"href":"https:\/\/rse-online.de\/index.php?rest_route=%2Fwp%2Fv2%2Fmedia&parent=4312"}],"wp:term":[{"taxonomy":"category","embeddable":true,"href":"https:\/\/rse-online.de\/index.php?rest_route=%2Fwp%2Fv2%2Fcategories&post=4312"},{"taxonomy":"post_tag","embeddable":true,"href":"https:\/\/rse-online.de\/index.php?rest_route=%2Fwp%2Fv2%2Ftags&post=4312"}],"curies":[{"name":"wp","href":"https:\/\/api.w.org\/{rel}","templated":true}]}}