{"id":4246,"date":"2021-01-28T16:34:16","date_gmt":"2021-01-28T15:34:16","guid":{"rendered":"http:\/\/rse-online.de\/?p=4246"},"modified":"2026-03-24T06:43:28","modified_gmt":"2026-03-24T05:43:28","slug":"herzlich-willkommen-an-deiner-neuen-realschule","status":"publish","type":"post","link":"https:\/\/rse-online.de\/?p=4246","title":{"rendered":"Tag der offenen T\u00fcr"},"content":{"rendered":"<h3><span style=\"font-size: 18pt;\"><strong>Herzlich Willkommen an deiner neuen Realschule \ud83d\ude42<\/strong><\/span><\/h3>\r\n<p>&nbsp;<\/p>\r\n<p><span style=\"font-size: 12pt;\">Wir bieten Ihnen die M\u00f6glichkeit, \u00fcber unsere Homepage vielf\u00e4ltige Einblicke in unser Schulleben zu gewinnen. St\u00f6bern <\/span><span style=\"font-size: 12pt;\">Sie in unserem <a href=\"https:\/\/rse-online.de\/?page_id=4125\">F\u00e4cherangebot<\/a>, insbesondere bei den <a href=\"https:\/\/rse-online.de\/?cat=85\">Neigungsf\u00e4chern<\/a>\u00a0sowie den zus\u00e4tzlich angebotenen <a href=\"https:\/\/rse-online.de\/?cat=83\">freiwilligen Wahlf\u00e4chern<\/a>, informieren Sie sich \u00fcber die <a href=\"https:\/\/rse-online.de\/?p=1030\">\u00dcbertrittsvoraussetzungen<\/a> und das <a href=\"https:\/\/rse-online.de\/?p=1028\">Anmeldeverfahren<\/a> oder verschaffen Sie sich einige Impressionen der Schule in unserem eindrucksvollen <a href=\"https:\/\/rse-online.de\/?p=4661\">virtuellen Rundgang<\/a> oder unserer <a href=\"https:\/\/rse-online.de\/?p=2459\">Bildergalerie<\/a>.<br \/>\r\n<\/span><\/p>\r\n<p>Aber das Wichtigste haben wir f\u00fcr Sie\/ f\u00fcr euch in einem<a href=\"https:\/\/rse-online.de\/wp-content\/uploads\/2021\/01\/Flyer_GS_Seite_1_26_27.pdf\"> Flyer der RSE\u00a0<\/a> zusammengefasst!<\/p>\r\n<p>Dazu bieten wir, falls Sie am Tag der offenen T\u00fcr verhindert sind, <strong>RSE-F\u00fchrungen<\/strong> an folgenden Tagen an:<\/p>\r\n<p><strong>Dienstag, 14.04.\/ Donnerstag 16.04. sowie Montag, 20.04. um 14.45 Uhr<\/strong><\/p>\r\n<p>Treffpunkt daf\u00fcr ist die kleine Aula der RSE (durch den Pausenhof und rechts)<\/p>\r\n<p>&nbsp;<\/p>\r\n<table class=\" alignleft\" style=\"width: 99%; min-width: 200px; background-color: #b6b6b6; overflow: auto;\" border=\"1\" cellspacing=\"5\" cellpadding=\"5\">\r\n<tbody>\r\n<tr>\r\n<td style=\"width: 45%; text-align: center;\" valign=\"top\"><center><strong>Video Willkommen an der Staatlichen Realschule Elsenfeld\u00a0<\/strong><\/center><strong>mit allen wichtigen Informationen<\/strong><center>\r\n<div style=\"width: 210px;\" class=\"wp-video\"><video class=\"wp-video-shortcode\" id=\"video-4246-1\" width=\"210\" height=\"360\" poster=\"https:\/\/rse-online.de\/wp-content\/uploads\/2022\/02\/Screen_TdoT2022.png\" preload=\"metadata\" controls=\"controls\"><source type=\"video\/mp4\" src=\"https:\/\/rse-online.de\/wp-content\/uploads\/2022\/02\/Praesentation_HP_Tag_der_offenen_Tuer_2022.mp4?_=1\" \/><a href=\"https:\/\/rse-online.de\/wp-content\/uploads\/2022\/02\/Praesentation_HP_Tag_der_offenen_Tuer_2022.mp4\">https:\/\/rse-online.de\/wp-content\/uploads\/2022\/02\/Praesentation_HP_Tag_der_offenen_Tuer_2022.mp4<\/a><\/video><\/div>\r\n<\/center>\r\n<p>&nbsp;<\/p>\r\n<\/td>\r\n<td style=\"width: 45%;\" valign=\"top\"><center><strong>Video Allgemeine Informationen zum \u00dcbertritt<\/strong><\/center><br \/>\r\n<center>\r\n<div style=\"width: 210px;\" class=\"wp-video\"><video class=\"wp-video-shortcode\" id=\"video-4246-2\" width=\"210\" height=\"360\" poster=\"https:\/\/rse-online.de\/wp-content\/uploads\/2021\/02\/DieRSinBayern.png\" preload=\"metadata\" controls=\"controls\"><source type=\"video\/mp4\" src=\"https:\/\/rse-online.de\/wp-content\/uploads\/2021\/02\/Allg_Infos_Uebertritt.mp4?_=2\" \/><a href=\"https:\/\/rse-online.de\/wp-content\/uploads\/2021\/02\/Allg_Infos_Uebertritt.mp4\">https:\/\/rse-online.de\/wp-content\/uploads\/2021\/02\/Allg_Infos_Uebertritt.mp4<\/a><\/video><\/div>\r\n<\/center>\r\n<p>&nbsp;<\/p>\r\n<\/td>\r\n<\/tr>\r\n<\/tbody>\r\n<\/table>\r\n<p><span style=\"font-size: 12pt;\"> <br \/>\r\n<\/span><\/p>\r\n<p><span style=\"font-size: 12pt;\"><img decoding=\"async\" class=\"alignright size-full wp-image-4251\" src=\"https:\/\/rse-online.de\/wp-content\/uploads\/2021\/01\/Kinder.png\" alt=\"\" width=\"35%\" \/><\/span><\/p>\r\n<p><span style=\"font-size: 12pt;\">Bei weiteren Fragen oder Beratungsbedarf zum \u00dcbertritt an unsere Realschule wenden Sie sich bitte an <\/span><span style=\"font-size: 12pt;\">unsere Beratungslehrkraft Frau Rothenbach unter der Emailadresse beratung@rse-online.de.\u00a0<\/span><\/p>\r\n<p><span style=\"font-size: 12pt;\">Doch nun erst einmal viel Vergn\u00fcgen beim interaktiven Erkunden der RSE!<\/span><\/p>\r\n<p>&nbsp;<\/p>","protected":false},"excerpt":{"rendered":"<p>Herzlich Willkommen an deiner neuen Realschule \ud83d\ude42 &nbsp; Wir bieten Ihnen die M\u00f6glichkeit, \u00fcber unsere Homepage vielf\u00e4ltige Einblicke in unser Schulleben zu gewinnen. St\u00f6bern Sie in unserem F\u00e4cherangebot, insbesondere bei den Neigungsf\u00e4chern\u00a0sowie den zus\u00e4tzlich angebotenen freiwilligen Wahlf\u00e4chern, informieren Sie sich \u00fcber die \u00dcbertrittsvoraussetzungen und das Anmeldeverfahren oder verschaffen Sie sich einige Impressionen der Schule in [&hellip;]<\/p>\n","protected":false},"author":10,"featured_media":4362,"comment_status":"closed","ping_status":"closed","sticky":false,"template":"","format":"standard","meta":{"footnotes":""},"categories":[86],"tags":[],"class_list":["post-4246","post","type-post","status-publish","format-standard","has-post-thumbnail","hentry","category-uebertritt"],"yoast_head":"<!-- This site is optimized with the Yoast SEO plugin v27.4 - https:\/\/yoast.com\/product\/yoast-seo-wordpress\/ -->\n<title>Tag der offenen T\u00fcr - Staatliche Realschule Elsenfeld<\/title>\n<meta name=\"robots\" content=\"index, follow, max-snippet:-1, max-image-preview:large, max-video-preview:-1\" \/>\n<link rel=\"canonical\" href=\"https:\/\/rse-online.de\/?p=4246\" \/>\n<meta property=\"og:locale\" content=\"de_DE\" \/>\n<meta property=\"og:type\" content=\"article\" \/>\n<meta property=\"og:title\" content=\"Tag der offenen T\u00fcr - Staatliche Realschule Elsenfeld\" \/>\n<meta property=\"og:description\" content=\"Herzlich Willkommen an deiner neuen Realschule \ud83d\ude42 &nbsp; Wir bieten Ihnen die M\u00f6glichkeit, \u00fcber unsere Homepage vielf\u00e4ltige Einblicke in unser Schulleben zu gewinnen. St\u00f6bern Sie in unserem F\u00e4cherangebot, insbesondere bei den Neigungsf\u00e4chern\u00a0sowie den zus\u00e4tzlich angebotenen freiwilligen Wahlf\u00e4chern, informieren Sie sich \u00fcber die \u00dcbertrittsvoraussetzungen und das Anmeldeverfahren oder verschaffen Sie sich einige Impressionen der Schule in [&hellip;]\" \/>\n<meta property=\"og:url\" content=\"https:\/\/rse-online.de\/?p=4246\" \/>\n<meta property=\"og:site_name\" content=\"Staatliche Realschule Elsenfeld\" \/>\n<meta property=\"article:published_time\" content=\"2021-01-28T15:34:16+00:00\" \/>\n<meta property=\"article:modified_time\" content=\"2026-03-24T05:43:28+00:00\" \/>\n<meta property=\"og:image\" content=\"https:\/\/rse-online.de\/wp-content\/uploads\/2021\/01\/TdoT.png\" \/>\n\t<meta property=\"og:image:width\" content=\"250\" \/>\n\t<meta property=\"og:image:height\" content=\"250\" \/>\n\t<meta property=\"og:image:type\" content=\"image\/png\" \/>\n<meta name=\"author\" content=\"admin\" \/>\n<meta name=\"twitter:card\" content=\"summary_large_image\" \/>\n<meta name=\"twitter:label1\" content=\"Verfasst von\" \/>\n\t<meta name=\"twitter:data1\" content=\"admin\" \/>\n\t<meta name=\"twitter:label2\" content=\"Gesch\u00e4tzte Lesezeit\" \/>\n\t<meta name=\"twitter:data2\" content=\"2\u00a0Minuten\" \/>\n<script type=\"application\/ld+json\" class=\"yoast-schema-graph\">{\"@context\":\"https:\\\/\\\/schema.org\",\"@graph\":[{\"@type\":\"Article\",\"@id\":\"https:\\\/\\\/rse-online.de\\\/?p=4246#article\",\"isPartOf\":{\"@id\":\"https:\\\/\\\/rse-online.de\\\/?p=4246\"},\"author\":{\"name\":\"admin\",\"@id\":\"https:\\\/\\\/rse-online.de\\\/#\\\/schema\\\/person\\\/50891b16848698e2b4e406ec012146e7\"},\"headline\":\"Tag der offenen T\u00fcr\",\"datePublished\":\"2021-01-28T15:34:16+00:00\",\"dateModified\":\"2026-03-24T05:43:28+00:00\",\"mainEntityOfPage\":{\"@id\":\"https:\\\/\\\/rse-online.de\\\/?p=4246\"},\"wordCount\":233,\"image\":{\"@id\":\"https:\\\/\\\/rse-online.de\\\/?p=4246#primaryimage\"},\"thumbnailUrl\":\"https:\\\/\\\/rse-online.de\\\/wp-content\\\/uploads\\\/2021\\\/01\\\/TdoT.png\",\"articleSection\":[\"\u00dcbertritt\"],\"inLanguage\":\"de\"},{\"@type\":\"WebPage\",\"@id\":\"https:\\\/\\\/rse-online.de\\\/?p=4246\",\"url\":\"https:\\\/\\\/rse-online.de\\\/?p=4246\",\"name\":\"Tag der offenen T\u00fcr - Staatliche Realschule Elsenfeld\",\"isPartOf\":{\"@id\":\"https:\\\/\\\/rse-online.de\\\/#website\"},\"primaryImageOfPage\":{\"@id\":\"https:\\\/\\\/rse-online.de\\\/?p=4246#primaryimage\"},\"image\":{\"@id\":\"https:\\\/\\\/rse-online.de\\\/?p=4246#primaryimage\"},\"thumbnailUrl\":\"https:\\\/\\\/rse-online.de\\\/wp-content\\\/uploads\\\/2021\\\/01\\\/TdoT.png\",\"datePublished\":\"2021-01-28T15:34:16+00:00\",\"dateModified\":\"2026-03-24T05:43:28+00:00\",\"author\":{\"@id\":\"https:\\\/\\\/rse-online.de\\\/#\\\/schema\\\/person\\\/50891b16848698e2b4e406ec012146e7\"},\"breadcrumb\":{\"@id\":\"https:\\\/\\\/rse-online.de\\\/?p=4246#breadcrumb\"},\"inLanguage\":\"de\",\"potentialAction\":[{\"@type\":\"ReadAction\",\"target\":[\"https:\\\/\\\/rse-online.de\\\/?p=4246\"]}]},{\"@type\":\"ImageObject\",\"inLanguage\":\"de\",\"@id\":\"https:\\\/\\\/rse-online.de\\\/?p=4246#primaryimage\",\"url\":\"https:\\\/\\\/rse-online.de\\\/wp-content\\\/uploads\\\/2021\\\/01\\\/TdoT.png\",\"contentUrl\":\"https:\\\/\\\/rse-online.de\\\/wp-content\\\/uploads\\\/2021\\\/01\\\/TdoT.png\",\"width\":250,\"height\":250},{\"@type\":\"BreadcrumbList\",\"@id\":\"https:\\\/\\\/rse-online.de\\\/?p=4246#breadcrumb\",\"itemListElement\":[{\"@type\":\"ListItem\",\"position\":1,\"name\":\"Start\",\"item\":\"https:\\\/\\\/rse-online.de\\\/\"},{\"@type\":\"ListItem\",\"position\":2,\"name\":\"Tag der offenen T\u00fcr\"}]},{\"@type\":\"WebSite\",\"@id\":\"https:\\\/\\\/rse-online.de\\\/#website\",\"url\":\"https:\\\/\\\/rse-online.de\\\/\",\"name\":\"Staatliche Realschule Elsenfeld\",\"description\":\"\",\"potentialAction\":[{\"@type\":\"SearchAction\",\"target\":{\"@type\":\"EntryPoint\",\"urlTemplate\":\"https:\\\/\\\/rse-online.de\\\/?s={search_term_string}\"},\"query-input\":{\"@type\":\"PropertyValueSpecification\",\"valueRequired\":true,\"valueName\":\"search_term_string\"}}],\"inLanguage\":\"de\"},{\"@type\":\"Person\",\"@id\":\"https:\\\/\\\/rse-online.de\\\/#\\\/schema\\\/person\\\/50891b16848698e2b4e406ec012146e7\",\"name\":\"admin\",\"image\":{\"@type\":\"ImageObject\",\"inLanguage\":\"de\",\"@id\":\"https:\\\/\\\/secure.gravatar.com\\\/avatar\\\/78f58dd72350690757238a8b9449b2dff46464582b91819697381572395ee4e6?s=96&d=blank&r=g\",\"url\":\"https:\\\/\\\/secure.gravatar.com\\\/avatar\\\/78f58dd72350690757238a8b9449b2dff46464582b91819697381572395ee4e6?s=96&d=blank&r=g\",\"contentUrl\":\"https:\\\/\\\/secure.gravatar.com\\\/avatar\\\/78f58dd72350690757238a8b9449b2dff46464582b91819697381572395ee4e6?s=96&d=blank&r=g\",\"caption\":\"admin\"},\"url\":\"https:\\\/\\\/rse-online.de\"}]}<\/script>\n<!-- \/ Yoast SEO plugin. -->","yoast_head_json":{"title":"Tag der offenen T\u00fcr - Staatliche Realschule Elsenfeld","robots":{"index":"index","follow":"follow","max-snippet":"max-snippet:-1","max-image-preview":"max-image-preview:large","max-video-preview":"max-video-preview:-1"},"canonical":"https:\/\/rse-online.de\/?p=4246","og_locale":"de_DE","og_type":"article","og_title":"Tag der offenen T\u00fcr - Staatliche Realschule Elsenfeld","og_description":"Herzlich Willkommen an deiner neuen Realschule \ud83d\ude42 &nbsp; Wir bieten Ihnen die M\u00f6glichkeit, \u00fcber unsere Homepage vielf\u00e4ltige Einblicke in unser Schulleben zu gewinnen. St\u00f6bern Sie in unserem F\u00e4cherangebot, insbesondere bei den Neigungsf\u00e4chern\u00a0sowie den zus\u00e4tzlich angebotenen freiwilligen Wahlf\u00e4chern, informieren Sie sich \u00fcber die \u00dcbertrittsvoraussetzungen und das Anmeldeverfahren oder verschaffen Sie sich einige Impressionen der Schule in [&hellip;]","og_url":"https:\/\/rse-online.de\/?p=4246","og_site_name":"Staatliche Realschule Elsenfeld","article_published_time":"2021-01-28T15:34:16+00:00","article_modified_time":"2026-03-24T05:43:28+00:00","og_image":[{"width":250,"height":250,"url":"https:\/\/rse-online.de\/wp-content\/uploads\/2021\/01\/TdoT.png","type":"image\/png"}],"author":"admin","twitter_card":"summary_large_image","twitter_misc":{"Verfasst von":"admin","Gesch\u00e4tzte Lesezeit":"2\u00a0Minuten"},"schema":{"@context":"https:\/\/schema.org","@graph":[{"@type":"Article","@id":"https:\/\/rse-online.de\/?p=4246#article","isPartOf":{"@id":"https:\/\/rse-online.de\/?p=4246"},"author":{"name":"admin","@id":"https:\/\/rse-online.de\/#\/schema\/person\/50891b16848698e2b4e406ec012146e7"},"headline":"Tag der offenen T\u00fcr","datePublished":"2021-01-28T15:34:16+00:00","dateModified":"2026-03-24T05:43:28+00:00","mainEntityOfPage":{"@id":"https:\/\/rse-online.de\/?p=4246"},"wordCount":233,"image":{"@id":"https:\/\/rse-online.de\/?p=4246#primaryimage"},"thumbnailUrl":"https:\/\/rse-online.de\/wp-content\/uploads\/2021\/01\/TdoT.png","articleSection":["\u00dcbertritt"],"inLanguage":"de"},{"@type":"WebPage","@id":"https:\/\/rse-online.de\/?p=4246","url":"https:\/\/rse-online.de\/?p=4246","name":"Tag der offenen T\u00fcr - Staatliche Realschule Elsenfeld","isPartOf":{"@id":"https:\/\/rse-online.de\/#website"},"primaryImageOfPage":{"@id":"https:\/\/rse-online.de\/?p=4246#primaryimage"},"image":{"@id":"https:\/\/rse-online.de\/?p=4246#primaryimage"},"thumbnailUrl":"https:\/\/rse-online.de\/wp-content\/uploads\/2021\/01\/TdoT.png","datePublished":"2021-01-28T15:34:16+00:00","dateModified":"2026-03-24T05:43:28+00:00","author":{"@id":"https:\/\/rse-online.de\/#\/schema\/person\/50891b16848698e2b4e406ec012146e7"},"breadcrumb":{"@id":"https:\/\/rse-online.de\/?p=4246#breadcrumb"},"inLanguage":"de","potentialAction":[{"@type":"ReadAction","target":["https:\/\/rse-online.de\/?p=4246"]}]},{"@type":"ImageObject","inLanguage":"de","@id":"https:\/\/rse-online.de\/?p=4246#primaryimage","url":"https:\/\/rse-online.de\/wp-content\/uploads\/2021\/01\/TdoT.png","contentUrl":"https:\/\/rse-online.de\/wp-content\/uploads\/2021\/01\/TdoT.png","width":250,"height":250},{"@type":"BreadcrumbList","@id":"https:\/\/rse-online.de\/?p=4246#breadcrumb","itemListElement":[{"@type":"ListItem","position":1,"name":"Start","item":"https:\/\/rse-online.de\/"},{"@type":"ListItem","position":2,"name":"Tag der offenen T\u00fcr"}]},{"@type":"WebSite","@id":"https:\/\/rse-online.de\/#website","url":"https:\/\/rse-online.de\/","name":"Staatliche Realschule Elsenfeld","description":"","potentialAction":[{"@type":"SearchAction","target":{"@type":"EntryPoint","urlTemplate":"https:\/\/rse-online.de\/?s={search_term_string}"},"query-input":{"@type":"PropertyValueSpecification","valueRequired":true,"valueName":"search_term_string"}}],"inLanguage":"de"},{"@type":"Person","@id":"https:\/\/rse-online.de\/#\/schema\/person\/50891b16848698e2b4e406ec012146e7","name":"admin","image":{"@type":"ImageObject","inLanguage":"de","@id":"https:\/\/secure.gravatar.com\/avatar\/78f58dd72350690757238a8b9449b2dff46464582b91819697381572395ee4e6?s=96&d=blank&r=g","url":"https:\/\/secure.gravatar.com\/avatar\/78f58dd72350690757238a8b9449b2dff46464582b91819697381572395ee4e6?s=96&d=blank&r=g","contentUrl":"https:\/\/secure.gravatar.com\/avatar\/78f58dd72350690757238a8b9449b2dff46464582b91819697381572395ee4e6?s=96&d=blank&r=g","caption":"admin"},"url":"https:\/\/rse-online.de"}]}},"_links":{"self":[{"href":"https:\/\/rse-online.de\/index.php?rest_route=\/wp\/v2\/posts\/4246","targetHints":{"allow":["GET"]}}],"collection":[{"href":"https:\/\/rse-online.de\/index.php?rest_route=\/wp\/v2\/posts"}],"about":[{"href":"https:\/\/rse-online.de\/index.php?rest_route=\/wp\/v2\/types\/post"}],"author":[{"embeddable":true,"href":"https:\/\/rse-online.de\/index.php?rest_route=\/wp\/v2\/users\/10"}],"replies":[{"embeddable":true,"href":"https:\/\/rse-online.de\/index.php?rest_route=%2Fwp%2Fv2%2Fcomments&post=4246"}],"version-history":[{"count":61,"href":"https:\/\/rse-online.de\/index.php?rest_route=\/wp\/v2\/posts\/4246\/revisions"}],"predecessor-version":[{"id":10634,"href":"https:\/\/rse-online.de\/index.php?rest_route=\/wp\/v2\/posts\/4246\/revisions\/10634"}],"wp:featuredmedia":[{"embeddable":true,"href":"https:\/\/rse-online.de\/index.php?rest_route=\/wp\/v2\/media\/4362"}],"wp:attachment":[{"href":"https:\/\/rse-online.de\/index.php?rest_route=%2Fwp%2Fv2%2Fmedia&parent=4246"}],"wp:term":[{"taxonomy":"category","embeddable":true,"href":"https:\/\/rse-online.de\/index.php?rest_route=%2Fwp%2Fv2%2Fcategories&post=4246"},{"taxonomy":"post_tag","embeddable":true,"href":"https:\/\/rse-online.de\/index.php?rest_route=%2Fwp%2Fv2%2Ftags&post=4246"}],"curies":[{"name":"wp","href":"https:\/\/api.w.org\/{rel}","templated":true}]}}