{"id":3509,"date":"2020-12-16T18:14:08","date_gmt":"2020-12-16T17:14:08","guid":{"rendered":"http:\/\/rse-online.de\/?p=3509"},"modified":"2023-12-11T09:06:30","modified_gmt":"2023-12-11T08:06:30","slug":"ganztagsbetreuung-gestaltet","status":"publish","type":"post","link":"https:\/\/rse-online.de\/?p=3509","title":{"rendered":"Ganztagsbetreuung gestaltet"},"content":{"rendered":"<p style=\"text-align: right;\"><a class=\"dashicons-before dashicons-images-alt2\" href=\"#ankerB\"><span style=\"font-size: 1pt;\">.<\/span><\/a><\/p>\r\n<p><span style=\"font-size: 12pt;\">Zum Advent etwas Kreatives und Gutes f\u00fcr sich, aber auch<\/span> f\u00fcr<span style=\"font-size: 12pt;\"> andere tun! <\/span><\/p>\r\n<p>Jetzt in der Adventszeit wird in der GTB wieder munter gebastelt und aktiv zusammen entworfen und viel gelacht. Unsere GTB-Kinder gestalten gemeinsam mit Frau Z\u00f6ller, unserer Sekret\u00e4rin, tolle Baumbeh\u00e4nge mit Tannenzapfen oder passende Rentierverpackungen f\u00fcr s\u00fc\u00dfe Kleinigkeiten zum Advent. Das Sch\u00f6nste daran ist, dass gemeinsam gebastelt und dabei viel gelacht, aber auch Neues gelernt wird. Wir w\u00fcnschen weiterhin viel Spa\u00df und sind uns ganz sicher, dass die selbst entworfenen und gestalteten Schmuckanh\u00e4nger gro\u00dfe Begeisterung bei Klein und Gro\u00df ausl\u00f6sen.<\/p>\r\n<p>Vielen Dank sagen wir von der Schulfamilie dabei Frau Z\u00f6ller, die sich die Zeit nimmt und Kindern eine tolle M\u00f6glichkeit bietet, sich kreativ auszutoben.<\/p>\r\n<p>Michaela Grimm<\/p>\r\n<p><img loading=\"lazy\" decoding=\"async\" class=\"alignnone size-medium wp-image-7888\" src=\"https:\/\/rse-online.de\/wp-content\/uploads\/2020\/12\/GTB-Basteln-im-Advent-533x400.jpg\" alt=\"\" width=\"533\" height=\"400\" srcset=\"https:\/\/rse-online.de\/wp-content\/uploads\/2020\/12\/GTB-Basteln-im-Advent-533x400.jpg 533w, https:\/\/rse-online.de\/wp-content\/uploads\/2020\/12\/GTB-Basteln-im-Advent-1364x1024.jpg 1364w, https:\/\/rse-online.de\/wp-content\/uploads\/2020\/12\/GTB-Basteln-im-Advent-768x577.jpg 768w, https:\/\/rse-online.de\/wp-content\/uploads\/2020\/12\/GTB-Basteln-im-Advent-1536x1153.jpg 1536w, https:\/\/rse-online.de\/wp-content\/uploads\/2020\/12\/GTB-Basteln-im-Advent-2048x1538.jpg 2048w\" sizes=\"auto, (max-width: 533px) 100vw, 533px\" \/><\/p>","protected":false},"excerpt":{"rendered":"<p>. Zum Advent etwas Kreatives und Gutes f\u00fcr sich, aber auch f\u00fcr andere tun! Jetzt in der Adventszeit wird in der GTB wieder munter gebastelt und aktiv zusammen entworfen und viel gelacht. Unsere GTB-Kinder gestalten gemeinsam mit Frau Z\u00f6ller, unserer Sekret\u00e4rin, tolle Baumbeh\u00e4nge mit Tannenzapfen oder passende Rentierverpackungen f\u00fcr s\u00fc\u00dfe Kleinigkeiten zum Advent. Das Sch\u00f6nste [&hellip;]<\/p>\n","protected":false},"author":10,"featured_media":3510,"comment_status":"closed","ping_status":"closed","sticky":false,"template":"","format":"standard","meta":{"footnotes":""},"categories":[72,9],"tags":[],"class_list":["post-3509","post","type-post","status-publish","format-standard","has-post-thumbnail","hentry","category-aktuelles","category-gtb"],"yoast_head":"<!-- This site is optimized with the Yoast SEO plugin v27.4 - https:\/\/yoast.com\/product\/yoast-seo-wordpress\/ -->\n<title>Ganztagsbetreuung gestaltet - Staatliche Realschule Elsenfeld<\/title>\n<meta name=\"robots\" content=\"index, follow, max-snippet:-1, max-image-preview:large, max-video-preview:-1\" \/>\n<link rel=\"canonical\" href=\"https:\/\/rse-online.de\/?p=3509\" \/>\n<meta property=\"og:locale\" content=\"de_DE\" \/>\n<meta property=\"og:type\" content=\"article\" \/>\n<meta property=\"og:title\" content=\"Ganztagsbetreuung gestaltet - Staatliche Realschule Elsenfeld\" \/>\n<meta property=\"og:description\" content=\". Zum Advent etwas Kreatives und Gutes f\u00fcr sich, aber auch f\u00fcr andere tun! Jetzt in der Adventszeit wird in der GTB wieder munter gebastelt und aktiv zusammen entworfen und viel gelacht. Unsere GTB-Kinder gestalten gemeinsam mit Frau Z\u00f6ller, unserer Sekret\u00e4rin, tolle Baumbeh\u00e4nge mit Tannenzapfen oder passende Rentierverpackungen f\u00fcr s\u00fc\u00dfe Kleinigkeiten zum Advent. Das Sch\u00f6nste [&hellip;]\" \/>\n<meta property=\"og:url\" content=\"https:\/\/rse-online.de\/?p=3509\" \/>\n<meta property=\"og:site_name\" content=\"Staatliche Realschule Elsenfeld\" \/>\n<meta property=\"article:published_time\" content=\"2020-12-16T17:14:08+00:00\" \/>\n<meta property=\"article:modified_time\" content=\"2023-12-11T08:06:30+00:00\" \/>\n<meta property=\"og:image\" content=\"https:\/\/rse-online.de\/wp-content\/uploads\/2020\/12\/Beim-Malen1.jpg\" \/>\n\t<meta property=\"og:image:width\" content=\"663\" \/>\n\t<meta property=\"og:image:height\" content=\"1366\" \/>\n\t<meta property=\"og:image:type\" content=\"image\/jpeg\" \/>\n<meta name=\"author\" content=\"admin\" \/>\n<meta name=\"twitter:card\" content=\"summary_large_image\" \/>\n<meta name=\"twitter:label1\" content=\"Verfasst von\" \/>\n\t<meta name=\"twitter:data1\" content=\"admin\" \/>\n\t<meta name=\"twitter:label2\" content=\"Gesch\u00e4tzte Lesezeit\" \/>\n\t<meta name=\"twitter:data2\" content=\"1\u00a0Minute\" \/>\n<script type=\"application\/ld+json\" class=\"yoast-schema-graph\">{\"@context\":\"https:\\\/\\\/schema.org\",\"@graph\":[{\"@type\":\"Article\",\"@id\":\"https:\\\/\\\/rse-online.de\\\/?p=3509#article\",\"isPartOf\":{\"@id\":\"https:\\\/\\\/rse-online.de\\\/?p=3509\"},\"author\":{\"name\":\"admin\",\"@id\":\"https:\\\/\\\/rse-online.de\\\/#\\\/schema\\\/person\\\/50891b16848698e2b4e406ec012146e7\"},\"headline\":\"Ganztagsbetreuung gestaltet\",\"datePublished\":\"2020-12-16T17:14:08+00:00\",\"dateModified\":\"2023-12-11T08:06:30+00:00\",\"mainEntityOfPage\":{\"@id\":\"https:\\\/\\\/rse-online.de\\\/?p=3509\"},\"wordCount\":134,\"image\":{\"@id\":\"https:\\\/\\\/rse-online.de\\\/?p=3509#primaryimage\"},\"thumbnailUrl\":\"https:\\\/\\\/rse-online.de\\\/wp-content\\\/uploads\\\/2020\\\/12\\\/Beim-Malen1.jpg\",\"articleSection\":[\"Aktuelles\",\"Unsere GTB\"],\"inLanguage\":\"de\"},{\"@type\":\"WebPage\",\"@id\":\"https:\\\/\\\/rse-online.de\\\/?p=3509\",\"url\":\"https:\\\/\\\/rse-online.de\\\/?p=3509\",\"name\":\"Ganztagsbetreuung gestaltet - Staatliche Realschule Elsenfeld\",\"isPartOf\":{\"@id\":\"https:\\\/\\\/rse-online.de\\\/#website\"},\"primaryImageOfPage\":{\"@id\":\"https:\\\/\\\/rse-online.de\\\/?p=3509#primaryimage\"},\"image\":{\"@id\":\"https:\\\/\\\/rse-online.de\\\/?p=3509#primaryimage\"},\"thumbnailUrl\":\"https:\\\/\\\/rse-online.de\\\/wp-content\\\/uploads\\\/2020\\\/12\\\/Beim-Malen1.jpg\",\"datePublished\":\"2020-12-16T17:14:08+00:00\",\"dateModified\":\"2023-12-11T08:06:30+00:00\",\"author\":{\"@id\":\"https:\\\/\\\/rse-online.de\\\/#\\\/schema\\\/person\\\/50891b16848698e2b4e406ec012146e7\"},\"breadcrumb\":{\"@id\":\"https:\\\/\\\/rse-online.de\\\/?p=3509#breadcrumb\"},\"inLanguage\":\"de\",\"potentialAction\":[{\"@type\":\"ReadAction\",\"target\":[\"https:\\\/\\\/rse-online.de\\\/?p=3509\"]}]},{\"@type\":\"ImageObject\",\"inLanguage\":\"de\",\"@id\":\"https:\\\/\\\/rse-online.de\\\/?p=3509#primaryimage\",\"url\":\"https:\\\/\\\/rse-online.de\\\/wp-content\\\/uploads\\\/2020\\\/12\\\/Beim-Malen1.jpg\",\"contentUrl\":\"https:\\\/\\\/rse-online.de\\\/wp-content\\\/uploads\\\/2020\\\/12\\\/Beim-Malen1.jpg\",\"width\":663,\"height\":1366},{\"@type\":\"BreadcrumbList\",\"@id\":\"https:\\\/\\\/rse-online.de\\\/?p=3509#breadcrumb\",\"itemListElement\":[{\"@type\":\"ListItem\",\"position\":1,\"name\":\"Start\",\"item\":\"https:\\\/\\\/rse-online.de\\\/\"},{\"@type\":\"ListItem\",\"position\":2,\"name\":\"Ganztagsbetreuung gestaltet\"}]},{\"@type\":\"WebSite\",\"@id\":\"https:\\\/\\\/rse-online.de\\\/#website\",\"url\":\"https:\\\/\\\/rse-online.de\\\/\",\"name\":\"Staatliche Realschule Elsenfeld\",\"description\":\"\",\"potentialAction\":[{\"@type\":\"SearchAction\",\"target\":{\"@type\":\"EntryPoint\",\"urlTemplate\":\"https:\\\/\\\/rse-online.de\\\/?s={search_term_string}\"},\"query-input\":{\"@type\":\"PropertyValueSpecification\",\"valueRequired\":true,\"valueName\":\"search_term_string\"}}],\"inLanguage\":\"de\"},{\"@type\":\"Person\",\"@id\":\"https:\\\/\\\/rse-online.de\\\/#\\\/schema\\\/person\\\/50891b16848698e2b4e406ec012146e7\",\"name\":\"admin\",\"image\":{\"@type\":\"ImageObject\",\"inLanguage\":\"de\",\"@id\":\"https:\\\/\\\/secure.gravatar.com\\\/avatar\\\/78f58dd72350690757238a8b9449b2dff46464582b91819697381572395ee4e6?s=96&d=blank&r=g\",\"url\":\"https:\\\/\\\/secure.gravatar.com\\\/avatar\\\/78f58dd72350690757238a8b9449b2dff46464582b91819697381572395ee4e6?s=96&d=blank&r=g\",\"contentUrl\":\"https:\\\/\\\/secure.gravatar.com\\\/avatar\\\/78f58dd72350690757238a8b9449b2dff46464582b91819697381572395ee4e6?s=96&d=blank&r=g\",\"caption\":\"admin\"},\"url\":\"https:\\\/\\\/rse-online.de\"}]}<\/script>\n<!-- \/ Yoast SEO plugin. -->","yoast_head_json":{"title":"Ganztagsbetreuung gestaltet - Staatliche Realschule Elsenfeld","robots":{"index":"index","follow":"follow","max-snippet":"max-snippet:-1","max-image-preview":"max-image-preview:large","max-video-preview":"max-video-preview:-1"},"canonical":"https:\/\/rse-online.de\/?p=3509","og_locale":"de_DE","og_type":"article","og_title":"Ganztagsbetreuung gestaltet - Staatliche Realschule Elsenfeld","og_description":". Zum Advent etwas Kreatives und Gutes f\u00fcr sich, aber auch f\u00fcr andere tun! Jetzt in der Adventszeit wird in der GTB wieder munter gebastelt und aktiv zusammen entworfen und viel gelacht. Unsere GTB-Kinder gestalten gemeinsam mit Frau Z\u00f6ller, unserer Sekret\u00e4rin, tolle Baumbeh\u00e4nge mit Tannenzapfen oder passende Rentierverpackungen f\u00fcr s\u00fc\u00dfe Kleinigkeiten zum Advent. Das Sch\u00f6nste [&hellip;]","og_url":"https:\/\/rse-online.de\/?p=3509","og_site_name":"Staatliche Realschule Elsenfeld","article_published_time":"2020-12-16T17:14:08+00:00","article_modified_time":"2023-12-11T08:06:30+00:00","og_image":[{"width":663,"height":1366,"url":"https:\/\/rse-online.de\/wp-content\/uploads\/2020\/12\/Beim-Malen1.jpg","type":"image\/jpeg"}],"author":"admin","twitter_card":"summary_large_image","twitter_misc":{"Verfasst von":"admin","Gesch\u00e4tzte Lesezeit":"1\u00a0Minute"},"schema":{"@context":"https:\/\/schema.org","@graph":[{"@type":"Article","@id":"https:\/\/rse-online.de\/?p=3509#article","isPartOf":{"@id":"https:\/\/rse-online.de\/?p=3509"},"author":{"name":"admin","@id":"https:\/\/rse-online.de\/#\/schema\/person\/50891b16848698e2b4e406ec012146e7"},"headline":"Ganztagsbetreuung gestaltet","datePublished":"2020-12-16T17:14:08+00:00","dateModified":"2023-12-11T08:06:30+00:00","mainEntityOfPage":{"@id":"https:\/\/rse-online.de\/?p=3509"},"wordCount":134,"image":{"@id":"https:\/\/rse-online.de\/?p=3509#primaryimage"},"thumbnailUrl":"https:\/\/rse-online.de\/wp-content\/uploads\/2020\/12\/Beim-Malen1.jpg","articleSection":["Aktuelles","Unsere GTB"],"inLanguage":"de"},{"@type":"WebPage","@id":"https:\/\/rse-online.de\/?p=3509","url":"https:\/\/rse-online.de\/?p=3509","name":"Ganztagsbetreuung gestaltet - Staatliche Realschule Elsenfeld","isPartOf":{"@id":"https:\/\/rse-online.de\/#website"},"primaryImageOfPage":{"@id":"https:\/\/rse-online.de\/?p=3509#primaryimage"},"image":{"@id":"https:\/\/rse-online.de\/?p=3509#primaryimage"},"thumbnailUrl":"https:\/\/rse-online.de\/wp-content\/uploads\/2020\/12\/Beim-Malen1.jpg","datePublished":"2020-12-16T17:14:08+00:00","dateModified":"2023-12-11T08:06:30+00:00","author":{"@id":"https:\/\/rse-online.de\/#\/schema\/person\/50891b16848698e2b4e406ec012146e7"},"breadcrumb":{"@id":"https:\/\/rse-online.de\/?p=3509#breadcrumb"},"inLanguage":"de","potentialAction":[{"@type":"ReadAction","target":["https:\/\/rse-online.de\/?p=3509"]}]},{"@type":"ImageObject","inLanguage":"de","@id":"https:\/\/rse-online.de\/?p=3509#primaryimage","url":"https:\/\/rse-online.de\/wp-content\/uploads\/2020\/12\/Beim-Malen1.jpg","contentUrl":"https:\/\/rse-online.de\/wp-content\/uploads\/2020\/12\/Beim-Malen1.jpg","width":663,"height":1366},{"@type":"BreadcrumbList","@id":"https:\/\/rse-online.de\/?p=3509#breadcrumb","itemListElement":[{"@type":"ListItem","position":1,"name":"Start","item":"https:\/\/rse-online.de\/"},{"@type":"ListItem","position":2,"name":"Ganztagsbetreuung gestaltet"}]},{"@type":"WebSite","@id":"https:\/\/rse-online.de\/#website","url":"https:\/\/rse-online.de\/","name":"Staatliche Realschule Elsenfeld","description":"","potentialAction":[{"@type":"SearchAction","target":{"@type":"EntryPoint","urlTemplate":"https:\/\/rse-online.de\/?s={search_term_string}"},"query-input":{"@type":"PropertyValueSpecification","valueRequired":true,"valueName":"search_term_string"}}],"inLanguage":"de"},{"@type":"Person","@id":"https:\/\/rse-online.de\/#\/schema\/person\/50891b16848698e2b4e406ec012146e7","name":"admin","image":{"@type":"ImageObject","inLanguage":"de","@id":"https:\/\/secure.gravatar.com\/avatar\/78f58dd72350690757238a8b9449b2dff46464582b91819697381572395ee4e6?s=96&d=blank&r=g","url":"https:\/\/secure.gravatar.com\/avatar\/78f58dd72350690757238a8b9449b2dff46464582b91819697381572395ee4e6?s=96&d=blank&r=g","contentUrl":"https:\/\/secure.gravatar.com\/avatar\/78f58dd72350690757238a8b9449b2dff46464582b91819697381572395ee4e6?s=96&d=blank&r=g","caption":"admin"},"url":"https:\/\/rse-online.de"}]}},"_links":{"self":[{"href":"https:\/\/rse-online.de\/index.php?rest_route=\/wp\/v2\/posts\/3509","targetHints":{"allow":["GET"]}}],"collection":[{"href":"https:\/\/rse-online.de\/index.php?rest_route=\/wp\/v2\/posts"}],"about":[{"href":"https:\/\/rse-online.de\/index.php?rest_route=\/wp\/v2\/types\/post"}],"author":[{"embeddable":true,"href":"https:\/\/rse-online.de\/index.php?rest_route=\/wp\/v2\/users\/10"}],"replies":[{"embeddable":true,"href":"https:\/\/rse-online.de\/index.php?rest_route=%2Fwp%2Fv2%2Fcomments&post=3509"}],"version-history":[{"count":7,"href":"https:\/\/rse-online.de\/index.php?rest_route=\/wp\/v2\/posts\/3509\/revisions"}],"predecessor-version":[{"id":7890,"href":"https:\/\/rse-online.de\/index.php?rest_route=\/wp\/v2\/posts\/3509\/revisions\/7890"}],"wp:featuredmedia":[{"embeddable":true,"href":"https:\/\/rse-online.de\/index.php?rest_route=\/wp\/v2\/media\/3510"}],"wp:attachment":[{"href":"https:\/\/rse-online.de\/index.php?rest_route=%2Fwp%2Fv2%2Fmedia&parent=3509"}],"wp:term":[{"taxonomy":"category","embeddable":true,"href":"https:\/\/rse-online.de\/index.php?rest_route=%2Fwp%2Fv2%2Fcategories&post=3509"},{"taxonomy":"post_tag","embeddable":true,"href":"https:\/\/rse-online.de\/index.php?rest_route=%2Fwp%2Fv2%2Ftags&post=3509"}],"curies":[{"name":"wp","href":"https:\/\/api.w.org\/{rel}","templated":true}]}}