{"id":1683,"date":"2017-10-20T10:22:24","date_gmt":"2017-10-20T08:22:24","guid":{"rendered":"http:\/\/rse-online.de\/?p=1683"},"modified":"2021-01-29T09:22:42","modified_gmt":"2021-01-29T08:22:42","slug":"vertretungskonzept-der-rse","status":"publish","type":"post","link":"https:\/\/rse-online.de\/?p=1683","title":{"rendered":"Vertretungskonzept der RSE"},"content":{"rendered":"<h3>Wie werden die integrierten Reserven eingesetzt?<\/h3>\r\n<p><span style=\"font-size: 12pt;\">Das bayerische Staatsministerium f\u00fcr Unterricht und Kultus, Bildung und Kunst stellt den Realschulen jedes Jahr zus\u00e4tzliche Lehrerstunden zur Verf\u00fcgung, um Unterricht im kurzfristigen Vertretungsfall m\u00f6glichst l\u00fcckenlos auffangen zu k\u00f6nnen. Dies sind die sogenannten integrierten Reserven, die als Differenzierungen im Stundenplan verplant und im Bedarfsfall sehr schnell aufgel\u00f6st werden.<\/span><\/p>\r\n<h3>Wann entsteht ein Unterrichtsausfall?<\/h3>\r\n<p><span style=\"font-size: 12pt;\">Es entf\u00e4llt nur der Wahlunterricht am Nachmittag, wenn Lehrer auf Fortbildungen, auf Klassenfahrten, erkrankt sind oder Lehrerkonferenzen abgehalten werden.<\/span><br \/>\r\n<span style=\"font-size: 12pt;\">Die Ganz-Tages-Betreuung findet von Mo. bis Do. immer statt.<\/span><br \/>\r\n<span style=\"font-size: 12pt;\">Wir verfolgen das Konzept einer verl\u00e4sslichen Schule. Das hei\u00dft, dass Eltern sich darauf verlassen k\u00f6nnen, dass Ihre Kinder von 7:55 Uhr bis 12:55 Uhr immer betreut sind.<\/span><br \/>\r\n<span style=\"font-size: 12pt;\">Unterrichtsausfall entsteht nur in Extremf\u00e4llen f\u00fcr einzelne Klassen, wenn keine Vertretungsm\u00f6glichkeit mehr gegeben ist und wird m\u00f6glichst am Vortag bereits bekannt gegeben.<\/span><br \/>\r\n<span style=\"font-size: 12pt;\">Die Realschule Elsenfeld hatte in den letzten drei Jahren keine einzige Stunde Unterrichtsausfall am Vormittag und geh\u00f6rt somit zu den wenigen Realschulen Bayerns, die das Konzept der verl\u00e4sslichen Schule zu 100% umsetzen.<\/span><\/p>\r\n<h3>Nach welcher Regel werden Vertretungen verplant?<\/h3>\r\n<ol>\r\n\t<li><span style=\"font-size: 12pt;\">Freigesetzte Lehrer bei Abwesenheit der Klasse oder integrierte Reserven<\/span><\/li>\r\n\t<li><span style=\"font-size: 12pt;\">Klasseneigene Lehrer<\/span><\/li>\r\n\t<li><span style=\"font-size: 12pt;\">Fachkollegen des zu vertretenden Kollegen<\/span><\/li>\r\n\t<li><span style=\"font-size: 12pt;\">fachfremde Lehrkr\u00e4fte<\/span><\/li>\r\n\t<li><span style=\"font-size: 12pt;\">Arbeitsauftrag an die Klasse und Mitf\u00fchren<\/span><\/li>\r\n<\/ol>","protected":false},"excerpt":{"rendered":"<p>Wie werden die integrierten Reserven eingesetzt? Das bayerische Staatsministerium f\u00fcr Unterricht und Kultus, Bildung und Kunst stellt den Realschulen jedes Jahr zus\u00e4tzliche Lehrerstunden zur Verf\u00fcgung, um Unterricht im kurzfristigen Vertretungsfall m\u00f6glichst l\u00fcckenlos auffangen zu k\u00f6nnen. Dies sind die sogenannten integrierten Reserven, die als Differenzierungen im Stundenplan verplant und im Bedarfsfall sehr schnell aufgel\u00f6st werden. Wann [&hellip;]<\/p>\n","protected":false},"author":2,"featured_media":4382,"comment_status":"closed","ping_status":"closed","sticky":false,"template":"","format":"standard","meta":{"footnotes":""},"categories":[74],"tags":[],"class_list":["post-1683","post","type-post","status-publish","format-standard","has-post-thumbnail","hentry","category-eltern"],"yoast_head":"<!-- This site is optimized with the Yoast SEO plugin v27.4 - https:\/\/yoast.com\/product\/yoast-seo-wordpress\/ -->\n<title>Vertretungskonzept der RSE - Staatliche Realschule Elsenfeld<\/title>\n<meta name=\"robots\" content=\"index, follow, max-snippet:-1, max-image-preview:large, max-video-preview:-1\" \/>\n<link rel=\"canonical\" href=\"https:\/\/rse-online.de\/?p=1683\" \/>\n<meta property=\"og:locale\" content=\"de_DE\" \/>\n<meta property=\"og:type\" content=\"article\" \/>\n<meta property=\"og:title\" content=\"Vertretungskonzept der RSE - Staatliche Realschule Elsenfeld\" \/>\n<meta property=\"og:description\" content=\"Wie werden die integrierten Reserven eingesetzt? Das bayerische Staatsministerium f\u00fcr Unterricht und Kultus, Bildung und Kunst stellt den Realschulen jedes Jahr zus\u00e4tzliche Lehrerstunden zur Verf\u00fcgung, um Unterricht im kurzfristigen Vertretungsfall m\u00f6glichst l\u00fcckenlos auffangen zu k\u00f6nnen. Dies sind die sogenannten integrierten Reserven, die als Differenzierungen im Stundenplan verplant und im Bedarfsfall sehr schnell aufgel\u00f6st werden. Wann [&hellip;]\" \/>\n<meta property=\"og:url\" content=\"https:\/\/rse-online.de\/?p=1683\" \/>\n<meta property=\"og:site_name\" content=\"Staatliche Realschule Elsenfeld\" \/>\n<meta property=\"article:published_time\" content=\"2017-10-20T08:22:24+00:00\" \/>\n<meta property=\"article:modified_time\" content=\"2021-01-29T08:22:42+00:00\" \/>\n<meta property=\"og:image\" content=\"https:\/\/rse-online.de\/wp-content\/uploads\/2017\/10\/Vertretungskonzept_Logo.png\" \/>\n\t<meta property=\"og:image:width\" content=\"250\" \/>\n\t<meta property=\"og:image:height\" content=\"250\" \/>\n\t<meta property=\"og:image:type\" content=\"image\/png\" \/>\n<meta name=\"author\" content=\"Michaela Grimm\" \/>\n<meta name=\"twitter:card\" content=\"summary_large_image\" \/>\n<meta name=\"twitter:label1\" content=\"Verfasst von\" \/>\n\t<meta name=\"twitter:data1\" content=\"Michaela Grimm\" \/>\n\t<meta name=\"twitter:label2\" content=\"Gesch\u00e4tzte Lesezeit\" \/>\n\t<meta name=\"twitter:data2\" content=\"1\u00a0Minute\" \/>\n<script type=\"application\/ld+json\" class=\"yoast-schema-graph\">{\"@context\":\"https:\\\/\\\/schema.org\",\"@graph\":[{\"@type\":\"Article\",\"@id\":\"https:\\\/\\\/rse-online.de\\\/?p=1683#article\",\"isPartOf\":{\"@id\":\"https:\\\/\\\/rse-online.de\\\/?p=1683\"},\"author\":{\"name\":\"Michaela Grimm\",\"@id\":\"https:\\\/\\\/rse-online.de\\\/#\\\/schema\\\/person\\\/ae7b84bec8896471bcc4e801013fd279\"},\"headline\":\"Vertretungskonzept der RSE\",\"datePublished\":\"2017-10-20T08:22:24+00:00\",\"dateModified\":\"2021-01-29T08:22:42+00:00\",\"mainEntityOfPage\":{\"@id\":\"https:\\\/\\\/rse-online.de\\\/?p=1683\"},\"wordCount\":216,\"image\":{\"@id\":\"https:\\\/\\\/rse-online.de\\\/?p=1683#primaryimage\"},\"thumbnailUrl\":\"https:\\\/\\\/rse-online.de\\\/wp-content\\\/uploads\\\/2017\\\/10\\\/Vertretungskonzept_Logo.png\",\"articleSection\":[\"Eltern\"],\"inLanguage\":\"de\"},{\"@type\":\"WebPage\",\"@id\":\"https:\\\/\\\/rse-online.de\\\/?p=1683\",\"url\":\"https:\\\/\\\/rse-online.de\\\/?p=1683\",\"name\":\"Vertretungskonzept der RSE - Staatliche Realschule Elsenfeld\",\"isPartOf\":{\"@id\":\"https:\\\/\\\/rse-online.de\\\/#website\"},\"primaryImageOfPage\":{\"@id\":\"https:\\\/\\\/rse-online.de\\\/?p=1683#primaryimage\"},\"image\":{\"@id\":\"https:\\\/\\\/rse-online.de\\\/?p=1683#primaryimage\"},\"thumbnailUrl\":\"https:\\\/\\\/rse-online.de\\\/wp-content\\\/uploads\\\/2017\\\/10\\\/Vertretungskonzept_Logo.png\",\"datePublished\":\"2017-10-20T08:22:24+00:00\",\"dateModified\":\"2021-01-29T08:22:42+00:00\",\"author\":{\"@id\":\"https:\\\/\\\/rse-online.de\\\/#\\\/schema\\\/person\\\/ae7b84bec8896471bcc4e801013fd279\"},\"breadcrumb\":{\"@id\":\"https:\\\/\\\/rse-online.de\\\/?p=1683#breadcrumb\"},\"inLanguage\":\"de\",\"potentialAction\":[{\"@type\":\"ReadAction\",\"target\":[\"https:\\\/\\\/rse-online.de\\\/?p=1683\"]}]},{\"@type\":\"ImageObject\",\"inLanguage\":\"de\",\"@id\":\"https:\\\/\\\/rse-online.de\\\/?p=1683#primaryimage\",\"url\":\"https:\\\/\\\/rse-online.de\\\/wp-content\\\/uploads\\\/2017\\\/10\\\/Vertretungskonzept_Logo.png\",\"contentUrl\":\"https:\\\/\\\/rse-online.de\\\/wp-content\\\/uploads\\\/2017\\\/10\\\/Vertretungskonzept_Logo.png\",\"width\":250,\"height\":250},{\"@type\":\"BreadcrumbList\",\"@id\":\"https:\\\/\\\/rse-online.de\\\/?p=1683#breadcrumb\",\"itemListElement\":[{\"@type\":\"ListItem\",\"position\":1,\"name\":\"Start\",\"item\":\"https:\\\/\\\/rse-online.de\\\/\"},{\"@type\":\"ListItem\",\"position\":2,\"name\":\"Vertretungskonzept der RSE\"}]},{\"@type\":\"WebSite\",\"@id\":\"https:\\\/\\\/rse-online.de\\\/#website\",\"url\":\"https:\\\/\\\/rse-online.de\\\/\",\"name\":\"Staatliche Realschule Elsenfeld\",\"description\":\"\",\"potentialAction\":[{\"@type\":\"SearchAction\",\"target\":{\"@type\":\"EntryPoint\",\"urlTemplate\":\"https:\\\/\\\/rse-online.de\\\/?s={search_term_string}\"},\"query-input\":{\"@type\":\"PropertyValueSpecification\",\"valueRequired\":true,\"valueName\":\"search_term_string\"}}],\"inLanguage\":\"de\"},{\"@type\":\"Person\",\"@id\":\"https:\\\/\\\/rse-online.de\\\/#\\\/schema\\\/person\\\/ae7b84bec8896471bcc4e801013fd279\",\"name\":\"Michaela Grimm\",\"image\":{\"@type\":\"ImageObject\",\"inLanguage\":\"de\",\"@id\":\"https:\\\/\\\/secure.gravatar.com\\\/avatar\\\/efd7726a3cf0af6ef62e7355f41046f0283efc280869ae8c6da4794be3651f4f?s=96&d=blank&r=g\",\"url\":\"https:\\\/\\\/secure.gravatar.com\\\/avatar\\\/efd7726a3cf0af6ef62e7355f41046f0283efc280869ae8c6da4794be3651f4f?s=96&d=blank&r=g\",\"contentUrl\":\"https:\\\/\\\/secure.gravatar.com\\\/avatar\\\/efd7726a3cf0af6ef62e7355f41046f0283efc280869ae8c6da4794be3651f4f?s=96&d=blank&r=g\",\"caption\":\"Michaela Grimm\"},\"url\":\"https:\\\/\\\/rse-online.de\"}]}<\/script>\n<!-- \/ Yoast SEO plugin. -->","yoast_head_json":{"title":"Vertretungskonzept der RSE - Staatliche Realschule Elsenfeld","robots":{"index":"index","follow":"follow","max-snippet":"max-snippet:-1","max-image-preview":"max-image-preview:large","max-video-preview":"max-video-preview:-1"},"canonical":"https:\/\/rse-online.de\/?p=1683","og_locale":"de_DE","og_type":"article","og_title":"Vertretungskonzept der RSE - Staatliche Realschule Elsenfeld","og_description":"Wie werden die integrierten Reserven eingesetzt? Das bayerische Staatsministerium f\u00fcr Unterricht und Kultus, Bildung und Kunst stellt den Realschulen jedes Jahr zus\u00e4tzliche Lehrerstunden zur Verf\u00fcgung, um Unterricht im kurzfristigen Vertretungsfall m\u00f6glichst l\u00fcckenlos auffangen zu k\u00f6nnen. Dies sind die sogenannten integrierten Reserven, die als Differenzierungen im Stundenplan verplant und im Bedarfsfall sehr schnell aufgel\u00f6st werden. Wann [&hellip;]","og_url":"https:\/\/rse-online.de\/?p=1683","og_site_name":"Staatliche Realschule Elsenfeld","article_published_time":"2017-10-20T08:22:24+00:00","article_modified_time":"2021-01-29T08:22:42+00:00","og_image":[{"width":250,"height":250,"url":"https:\/\/rse-online.de\/wp-content\/uploads\/2017\/10\/Vertretungskonzept_Logo.png","type":"image\/png"}],"author":"Michaela Grimm","twitter_card":"summary_large_image","twitter_misc":{"Verfasst von":"Michaela Grimm","Gesch\u00e4tzte Lesezeit":"1\u00a0Minute"},"schema":{"@context":"https:\/\/schema.org","@graph":[{"@type":"Article","@id":"https:\/\/rse-online.de\/?p=1683#article","isPartOf":{"@id":"https:\/\/rse-online.de\/?p=1683"},"author":{"name":"Michaela Grimm","@id":"https:\/\/rse-online.de\/#\/schema\/person\/ae7b84bec8896471bcc4e801013fd279"},"headline":"Vertretungskonzept der RSE","datePublished":"2017-10-20T08:22:24+00:00","dateModified":"2021-01-29T08:22:42+00:00","mainEntityOfPage":{"@id":"https:\/\/rse-online.de\/?p=1683"},"wordCount":216,"image":{"@id":"https:\/\/rse-online.de\/?p=1683#primaryimage"},"thumbnailUrl":"https:\/\/rse-online.de\/wp-content\/uploads\/2017\/10\/Vertretungskonzept_Logo.png","articleSection":["Eltern"],"inLanguage":"de"},{"@type":"WebPage","@id":"https:\/\/rse-online.de\/?p=1683","url":"https:\/\/rse-online.de\/?p=1683","name":"Vertretungskonzept der RSE - Staatliche Realschule Elsenfeld","isPartOf":{"@id":"https:\/\/rse-online.de\/#website"},"primaryImageOfPage":{"@id":"https:\/\/rse-online.de\/?p=1683#primaryimage"},"image":{"@id":"https:\/\/rse-online.de\/?p=1683#primaryimage"},"thumbnailUrl":"https:\/\/rse-online.de\/wp-content\/uploads\/2017\/10\/Vertretungskonzept_Logo.png","datePublished":"2017-10-20T08:22:24+00:00","dateModified":"2021-01-29T08:22:42+00:00","author":{"@id":"https:\/\/rse-online.de\/#\/schema\/person\/ae7b84bec8896471bcc4e801013fd279"},"breadcrumb":{"@id":"https:\/\/rse-online.de\/?p=1683#breadcrumb"},"inLanguage":"de","potentialAction":[{"@type":"ReadAction","target":["https:\/\/rse-online.de\/?p=1683"]}]},{"@type":"ImageObject","inLanguage":"de","@id":"https:\/\/rse-online.de\/?p=1683#primaryimage","url":"https:\/\/rse-online.de\/wp-content\/uploads\/2017\/10\/Vertretungskonzept_Logo.png","contentUrl":"https:\/\/rse-online.de\/wp-content\/uploads\/2017\/10\/Vertretungskonzept_Logo.png","width":250,"height":250},{"@type":"BreadcrumbList","@id":"https:\/\/rse-online.de\/?p=1683#breadcrumb","itemListElement":[{"@type":"ListItem","position":1,"name":"Start","item":"https:\/\/rse-online.de\/"},{"@type":"ListItem","position":2,"name":"Vertretungskonzept der RSE"}]},{"@type":"WebSite","@id":"https:\/\/rse-online.de\/#website","url":"https:\/\/rse-online.de\/","name":"Staatliche Realschule Elsenfeld","description":"","potentialAction":[{"@type":"SearchAction","target":{"@type":"EntryPoint","urlTemplate":"https:\/\/rse-online.de\/?s={search_term_string}"},"query-input":{"@type":"PropertyValueSpecification","valueRequired":true,"valueName":"search_term_string"}}],"inLanguage":"de"},{"@type":"Person","@id":"https:\/\/rse-online.de\/#\/schema\/person\/ae7b84bec8896471bcc4e801013fd279","name":"Michaela Grimm","image":{"@type":"ImageObject","inLanguage":"de","@id":"https:\/\/secure.gravatar.com\/avatar\/efd7726a3cf0af6ef62e7355f41046f0283efc280869ae8c6da4794be3651f4f?s=96&d=blank&r=g","url":"https:\/\/secure.gravatar.com\/avatar\/efd7726a3cf0af6ef62e7355f41046f0283efc280869ae8c6da4794be3651f4f?s=96&d=blank&r=g","contentUrl":"https:\/\/secure.gravatar.com\/avatar\/efd7726a3cf0af6ef62e7355f41046f0283efc280869ae8c6da4794be3651f4f?s=96&d=blank&r=g","caption":"Michaela Grimm"},"url":"https:\/\/rse-online.de"}]}},"_links":{"self":[{"href":"https:\/\/rse-online.de\/index.php?rest_route=\/wp\/v2\/posts\/1683","targetHints":{"allow":["GET"]}}],"collection":[{"href":"https:\/\/rse-online.de\/index.php?rest_route=\/wp\/v2\/posts"}],"about":[{"href":"https:\/\/rse-online.de\/index.php?rest_route=\/wp\/v2\/types\/post"}],"author":[{"embeddable":true,"href":"https:\/\/rse-online.de\/index.php?rest_route=\/wp\/v2\/users\/2"}],"replies":[{"embeddable":true,"href":"https:\/\/rse-online.de\/index.php?rest_route=%2Fwp%2Fv2%2Fcomments&post=1683"}],"version-history":[{"count":9,"href":"https:\/\/rse-online.de\/index.php?rest_route=\/wp\/v2\/posts\/1683\/revisions"}],"predecessor-version":[{"id":4381,"href":"https:\/\/rse-online.de\/index.php?rest_route=\/wp\/v2\/posts\/1683\/revisions\/4381"}],"wp:featuredmedia":[{"embeddable":true,"href":"https:\/\/rse-online.de\/index.php?rest_route=\/wp\/v2\/media\/4382"}],"wp:attachment":[{"href":"https:\/\/rse-online.de\/index.php?rest_route=%2Fwp%2Fv2%2Fmedia&parent=1683"}],"wp:term":[{"taxonomy":"category","embeddable":true,"href":"https:\/\/rse-online.de\/index.php?rest_route=%2Fwp%2Fv2%2Fcategories&post=1683"},{"taxonomy":"post_tag","embeddable":true,"href":"https:\/\/rse-online.de\/index.php?rest_route=%2Fwp%2Fv2%2Ftags&post=1683"}],"curies":[{"name":"wp","href":"https:\/\/api.w.org\/{rel}","templated":true}]}}