{"id":1443,"date":"2017-08-17T11:40:57","date_gmt":"2017-08-17T09:40:57","guid":{"rendered":"http:\/\/rse-online.de\/?p=1443"},"modified":"2026-07-21T15:58:16","modified_gmt":"2026-07-21T13:58:16","slug":"busbefoerderung","status":"publish","type":"post","link":"https:\/\/rse-online.de\/?p=1443","title":{"rendered":"Sch\u00fclerbef\u00f6rderung"},"content":{"rendered":"<p><strong>Aktuelle Info:<\/strong><\/p>\r\n<p>Im Hinblick auf den Schuljahreswechsel 2026\/2027 m\u00f6chten wir Sie \u00fcber wichtige \u00c4nderungen bez\u00fcglich der Deutschlandtickets auf Chipkarten informieren.<\/p>\r\n<ol>\r\n\t<li><strong><u> Sperrung der Chipkarten w\u00e4hrend der Sommerferien<\/u><\/strong><\/li>\r\n<\/ol>\r\n<p>Die derzeit ausgegebenen Deutschlandticket-Chipkarten werden im August 2026 gesperrt. In diesem Zeitraum besteht keine Fahrtberechtigung mit der Chipkarte. Entsprechend erfolgt f\u00fcr den Monat August keine Rechnungsstellung an den Kostentr\u00e4ger.<\/p>\r\n<ol start=\"2\">\r\n\t<li><strong><u> Weiterverwendung der Chipkarte<\/u><\/strong><\/li>\r\n<\/ol>\r\n<p>Die Chipkarte selbst kann bis zum aufgedruckten Ablaufdatum weiterverwendet werden. Eine neue Karte ist daher in der Regel nicht erforderlich.<\/p>\r\n<ol start=\"3\">\r\n\t<li><strong><u> Automatische Freischaltung bei Neubestellung<\/u><\/strong><\/li>\r\n<\/ol>\r\n<p>Sofern f\u00fcr das Schuljahr 2026\/2027 eine Neubestellung erfolgt, wird die vorhandene Chipkarte durch die VAB-Aboverwaltung automatisch zum 01.09.2026 wieder automatisch freigeschaltet. Ab diesem Zeitpunkt ist auf der Chipkarte ein g\u00fcltiges Deutschlandticket f\u00fcr den Monat September hinterlegt.<\/p>\r\n<ol start=\"4\">\r\n\t<li><strong><u> Ersatz bei Verlust der Chipkarte<\/u><\/strong><\/li>\r\n<\/ol>\r\n<p>Bei Verlust der Chipkarte kann eine Ersatzchipkarte ausgestellt werden. Hierf\u00fcr f\u00e4llt eine Ausstellungsgeb\u00fchr gem\u00e4\u00df dem aktuell g\u00fcltigen Tarifblatt der VAB an.<\/p>\r\n<p>_________________________________________________________<\/p>\r\n<p><strong>F\u00fcr fahrberechtigte Sch\u00fcler<\/strong>:<\/p>\r\n<p>Mit der Anmeldung an unsere Schule erfolgt der Antrag an die VAB (Verkehrsverbund Aschaffenburg) auf Sch\u00fclerbef\u00f6rderung, die Ihnen als Eltern an eine hinterlegte Mailadresse die digitale Fahrkarte oder per Post die Chipkarte zusendet. Dies ist abh\u00e4ngig von Ihrem Antrag.<\/p>\r\n<p>Unter folgendem <a href=\"https:\/\/rse-online.de\/wp-content\/uploads\/2026\/01\/BusBahn_Amina_2026.pdf\">Link<\/a> erfahren Sie, wie diese Fahrkarten zu handhaben sind.<\/p>\r\n<p>Bei beabsichtigten Fahrplan\u00e4nderungen werden Sie \u00fcber die Schulhomepage informiert. Sie k\u00f6nnen auch \u00c4nderungen zu Bus und Bahn dem DB Navigator entnehmen.<\/p>\r\n<p>&nbsp;<\/p>\r\n<h4><span style=\"font-size: 12pt;\"><strong>Meldung Busunregelm\u00e4\u00dfigkeiten<\/strong><\/span><\/h4>\r\n<p><span style=\"font-size: 12pt;\">Bei Unregelm\u00e4\u00dfigkeiten oder Problemen verwenden Sie bitte ausschlie\u00dflich folgendes Formular und geben dieses vollst\u00e4ndig ausgef\u00fcllt im Schulsekretariat ab.<\/span><\/p>\r\n<ul style=\"list-style-type: none;\">\r\n\t<li style=\"margin-bottom: 15px;\"><span style=\"font-size: 12pt;\"><i class=\"_mi _before fa fa-file-pdf-o\" aria-hidden=\"true\"><\/i>\u00a0<a href=\"https:\/\/forms.office.com\/pages\/responsepage.aspx?id=Bo9bMqhQ8UmJTrE1UCCUTrSk_5ha8ilKhNhBkGYN9BJUREhQNExSRkdXSlRKQVFNQUQ2VEVNU05KVyQlQCN0PWcu&amp;route=shorturl\" target=\"_blank\" rel=\"noopener noreferrer\">Formular Busunregelm\u00e4\u00dfigkeit<\/a><\/span><\/li>\r\n\t<li>\u00a0<\/li>\r\n<\/ul>\r\n<h4><strong>Bef\u00f6rderungsantr\u00e4ge<\/strong><\/h4>\r\n<p>Dies gilt f\u00fcr Zuzug w\u00e4hrend des Schuljahres und Bedarf an Bef\u00f6rderung:<\/p>\r\n<ul style=\"list-style-type: none;\">\r\n\t<li style=\"margin-bottom: 2px;\"><span style=\"font-size: 12pt;\"><a href=\"http:\/\/befoerderungsantrag.landkreis-miltenberg.de\" target=\"_blank\" rel=\"noopener noreferrer\">Bef\u00f6rderungsantrag (LDK Miltenberg)<\/a><\/span><\/li>\r\n\t<li><span style=\"font-size: 12pt;\"><a href=\"http:\/\/www.landkreis-aschaffenburg.de\/service\/formulare\/bildungkultur\/\" target=\"_blank\" rel=\"noopener noreferrer\">Bef\u00f6rderungsantrag (LDK Aschaffenburg)<\/a><\/span><\/li>\r\n\t<li>\u00a0<\/li>\r\n<\/ul>\r\n<h4><span style=\"font-size: 12pt;\"><strong>Einf\u00fchrung &#8211; Verhaltensregeln<\/strong><\/span><\/h4>\r\n<p><span style=\"font-size: 12pt;\">Die meisten unserer Kinder sind Fahrsch\u00fcler und damit auf die Busbef\u00f6rderung des VAB angewiesen. Ihnen als Eltern ist nat\u00fcrlich an einer sorgenfreien und sicheren Busbef\u00f6rderung gelegen. Vor allem unsere neuen Sch\u00fcler kennen die Verbindungen noch nicht und sind unsicher, was die Wahl des richtigen Busses betrifft.<\/span><\/p>\r\n<p><span style=\"font-size: 12pt;\">Eine tolle Einrichtung und Hilfe ist bei der Orientierung die Hilfestellung durch unsere Tutoren. Diese Sch\u00fcler der 9. Klasse, die speziell dazu eine Ausbildung absolviert haben, stehen Ihren Kindern mit Rat und Tat zur Seite und begleiten Ihre Kinder in den ersten Schultagen, auch zur passenden Bushaltestelle.<\/span><\/p>\r\n<p><span style=\"font-size: 12pt;\">Die Sch\u00fclerbef\u00f6rderung ist nicht immer ganz einfach, kann aber entspannter sein, wenn unsere Sch\u00fcler folgende, in einem Praxisversuch mit Sch\u00fclern ermittelte, Empfehlungen beherzigen.<\/span><\/p>\r\n\n\t\t<style>\n\t\t\t#gallery-1 {\n\t\t\t\tmargin: auto;\n\t\t\t}\n\t\t\t#gallery-1 .gallery-item {\n\t\t\t\tfloat: left;\n\t\t\t\tmargin-top: 10px;\n\t\t\t\ttext-align: center;\n\t\t\t\twidth: 16%;\n\t\t\t}\n\t\t\t#gallery-1 img {\n\t\t\t\tborder: 2px solid #cfcfcf;\n\t\t\t}\n\t\t\t#gallery-1 .gallery-caption {\n\t\t\t\tmargin-left: 0;\n\t\t\t}\n\t\t\t\/* see gallery_shortcode() in wp-includes\/media.php *\/\n\t\t<\/style>\n\t\t<div id='gallery-1' class='gallery galleryid-1443 gallery-columns-6 gallery-size-thumbnail'><dl class='gallery-item'>\n\t\t\t<dt class='gallery-icon landscape'>\n\t\t\t\t<a href='https:\/\/rse-online.de\/wp-content\/uploads\/2017\/08\/SB_F1.png' title=\"\" data-rl_title=\"\" class=\"rl-gallery-link\" data-rl_caption=\"\" data-rel=\"lightbox-gallery-1\"><img loading=\"lazy\" decoding=\"async\" width=\"150\" height=\"150\" src=\"https:\/\/rse-online.de\/wp-content\/uploads\/2017\/08\/SB_F1-150x150.png\" class=\"attachment-thumbnail size-thumbnail\" alt=\"\" \/><\/a>\n\t\t\t<\/dt><\/dl><dl class='gallery-item'>\n\t\t\t<dt class='gallery-icon landscape'>\n\t\t\t\t<a href='https:\/\/rse-online.de\/wp-content\/uploads\/2017\/08\/SB_F2.png' title=\"\" data-rl_title=\"\" class=\"rl-gallery-link\" data-rl_caption=\"\" data-rel=\"lightbox-gallery-1\"><img loading=\"lazy\" decoding=\"async\" width=\"150\" height=\"150\" src=\"https:\/\/rse-online.de\/wp-content\/uploads\/2017\/08\/SB_F2-150x150.png\" class=\"attachment-thumbnail size-thumbnail\" alt=\"\" \/><\/a>\n\t\t\t<\/dt><\/dl><dl class='gallery-item'>\n\t\t\t<dt class='gallery-icon landscape'>\n\t\t\t\t<a href='https:\/\/rse-online.de\/wp-content\/uploads\/2017\/08\/SB_F3.png' title=\"\" data-rl_title=\"\" class=\"rl-gallery-link\" data-rl_caption=\"\" data-rel=\"lightbox-gallery-1\"><img loading=\"lazy\" decoding=\"async\" width=\"150\" height=\"150\" src=\"https:\/\/rse-online.de\/wp-content\/uploads\/2017\/08\/SB_F3-150x150.png\" class=\"attachment-thumbnail size-thumbnail\" alt=\"\" \/><\/a>\n\t\t\t<\/dt><\/dl><dl class='gallery-item'>\n\t\t\t<dt class='gallery-icon landscape'>\n\t\t\t\t<a href='https:\/\/rse-online.de\/wp-content\/uploads\/2017\/08\/SB_F4.png' title=\"\" data-rl_title=\"\" class=\"rl-gallery-link\" data-rl_caption=\"\" data-rel=\"lightbox-gallery-1\"><img loading=\"lazy\" decoding=\"async\" width=\"150\" height=\"150\" src=\"https:\/\/rse-online.de\/wp-content\/uploads\/2017\/08\/SB_F4-150x150.png\" class=\"attachment-thumbnail size-thumbnail\" alt=\"\" \/><\/a>\n\t\t\t<\/dt><\/dl><dl class='gallery-item'>\n\t\t\t<dt class='gallery-icon landscape'>\n\t\t\t\t<a href='https:\/\/rse-online.de\/wp-content\/uploads\/2017\/08\/SB_F5.png' title=\"\" data-rl_title=\"\" class=\"rl-gallery-link\" data-rl_caption=\"\" data-rel=\"lightbox-gallery-1\"><img loading=\"lazy\" decoding=\"async\" width=\"150\" height=\"150\" src=\"https:\/\/rse-online.de\/wp-content\/uploads\/2017\/08\/SB_F5-150x150.png\" class=\"attachment-thumbnail size-thumbnail\" alt=\"\" \/><\/a>\n\t\t\t<\/dt><\/dl><dl class='gallery-item'>\n\t\t\t<dt class='gallery-icon landscape'>\n\t\t\t\t<a href='https:\/\/rse-online.de\/wp-content\/uploads\/2017\/08\/SB_F6.png' title=\"\" data-rl_title=\"\" class=\"rl-gallery-link\" data-rl_caption=\"\" data-rel=\"lightbox-gallery-1\"><img loading=\"lazy\" decoding=\"async\" width=\"150\" height=\"150\" src=\"https:\/\/rse-online.de\/wp-content\/uploads\/2017\/08\/SB_F6-150x150.png\" class=\"attachment-thumbnail size-thumbnail\" alt=\"\" \/><\/a>\n\t\t\t<\/dt><\/dl><br style=\"clear: both\" \/>\n\t\t<\/div>\n\r\n<p>&nbsp;<\/p>","protected":false},"excerpt":{"rendered":"<p>Aktuelle Info: Im Hinblick auf den Schuljahreswechsel 2026\/2027 m\u00f6chten wir Sie \u00fcber wichtige \u00c4nderungen bez\u00fcglich der Deutschlandtickets auf Chipkarten informieren. Sperrung der Chipkarten w\u00e4hrend der Sommerferien Die derzeit ausgegebenen Deutschlandticket-Chipkarten werden im August 2026 gesperrt. In diesem Zeitraum besteht keine Fahrtberechtigung mit der Chipkarte. Entsprechend erfolgt f\u00fcr den Monat August keine Rechnungsstellung an den Kostentr\u00e4ger. [&hellip;]<\/p>\n","protected":false},"author":2,"featured_media":1626,"comment_status":"closed","ping_status":"closed","sticky":false,"template":"","format":"standard","meta":{"footnotes":""},"categories":[74],"tags":[],"class_list":["post-1443","post","type-post","status-publish","format-standard","has-post-thumbnail","hentry","category-eltern"],"yoast_head":"<!-- This site is optimized with the Yoast SEO plugin v28.3 - https:\/\/yoast.com\/product\/yoast-seo-wordpress\/ -->\n<title>Sch\u00fclerbef\u00f6rderung - Staatliche Realschule Elsenfeld<\/title>\n<meta name=\"robots\" content=\"index, follow, max-snippet:-1, max-image-preview:large, max-video-preview:-1\" \/>\n<link rel=\"canonical\" href=\"https:\/\/rse-online.de\/?p=1443\" \/>\n<meta property=\"og:locale\" content=\"de_DE\" \/>\n<meta property=\"og:type\" content=\"article\" \/>\n<meta property=\"og:title\" content=\"Sch\u00fclerbef\u00f6rderung - Staatliche Realschule Elsenfeld\" \/>\n<meta property=\"og:description\" content=\"Aktuelle Info: Im Hinblick auf den Schuljahreswechsel 2026\/2027 m\u00f6chten wir Sie \u00fcber wichtige \u00c4nderungen bez\u00fcglich der Deutschlandtickets auf Chipkarten informieren. Sperrung der Chipkarten w\u00e4hrend der Sommerferien Die derzeit ausgegebenen Deutschlandticket-Chipkarten werden im August 2026 gesperrt. In diesem Zeitraum besteht keine Fahrtberechtigung mit der Chipkarte. Entsprechend erfolgt f\u00fcr den Monat August keine Rechnungsstellung an den Kostentr\u00e4ger. [&hellip;]\" \/>\n<meta property=\"og:url\" content=\"https:\/\/rse-online.de\/?p=1443\" \/>\n<meta property=\"og:site_name\" content=\"Staatliche Realschule Elsenfeld\" \/>\n<meta property=\"article:published_time\" content=\"2017-08-17T09:40:57+00:00\" \/>\n<meta property=\"article:modified_time\" content=\"2026-07-21T13:58:16+00:00\" \/>\n<meta property=\"og:image\" content=\"https:\/\/rse-online.de\/wp-content\/uploads\/2017\/10\/P9150100.jpg\" \/>\n\t<meta property=\"og:image:width\" content=\"640\" \/>\n\t<meta property=\"og:image:height\" content=\"480\" \/>\n\t<meta property=\"og:image:type\" content=\"image\/jpeg\" \/>\n<meta name=\"author\" content=\"Michaela Grimm\" \/>\n<meta name=\"twitter:card\" content=\"summary_large_image\" \/>\n<meta name=\"twitter:label1\" content=\"Verfasst von\" \/>\n\t<meta name=\"twitter:data1\" content=\"Michaela Grimm\" \/>\n\t<meta name=\"twitter:label2\" content=\"Gesch\u00e4tzte Lesezeit\" \/>\n\t<meta name=\"twitter:data2\" content=\"3\u00a0Minuten\" \/>\n<script type=\"application\/ld+json\" class=\"yoast-schema-graph\">{\"@context\":\"https:\\\/\\\/schema.org\",\"@graph\":[{\"@type\":\"Article\",\"@id\":\"https:\\\/\\\/rse-online.de\\\/?p=1443#article\",\"isPartOf\":{\"@id\":\"https:\\\/\\\/rse-online.de\\\/?p=1443\"},\"author\":{\"name\":\"Michaela Grimm\",\"@id\":\"https:\\\/\\\/rse-online.de\\\/#\\\/schema\\\/person\\\/ae7b84bec8896471bcc4e801013fd279\"},\"headline\":\"Sch\u00fclerbef\u00f6rderung\",\"datePublished\":\"2017-08-17T09:40:57+00:00\",\"dateModified\":\"2026-07-21T13:58:16+00:00\",\"mainEntityOfPage\":{\"@id\":\"https:\\\/\\\/rse-online.de\\\/?p=1443\"},\"wordCount\":423,\"image\":{\"@id\":\"https:\\\/\\\/rse-online.de\\\/?p=1443#primaryimage\"},\"thumbnailUrl\":\"https:\\\/\\\/rse-online.de\\\/wp-content\\\/uploads\\\/2017\\\/10\\\/P9150100.jpg\",\"articleSection\":[\"Eltern\"],\"inLanguage\":\"de\"},{\"@type\":\"WebPage\",\"@id\":\"https:\\\/\\\/rse-online.de\\\/?p=1443\",\"url\":\"https:\\\/\\\/rse-online.de\\\/?p=1443\",\"name\":\"Sch\u00fclerbef\u00f6rderung - Staatliche Realschule Elsenfeld\",\"isPartOf\":{\"@id\":\"https:\\\/\\\/rse-online.de\\\/#website\"},\"primaryImageOfPage\":{\"@id\":\"https:\\\/\\\/rse-online.de\\\/?p=1443#primaryimage\"},\"image\":{\"@id\":\"https:\\\/\\\/rse-online.de\\\/?p=1443#primaryimage\"},\"thumbnailUrl\":\"https:\\\/\\\/rse-online.de\\\/wp-content\\\/uploads\\\/2017\\\/10\\\/P9150100.jpg\",\"datePublished\":\"2017-08-17T09:40:57+00:00\",\"dateModified\":\"2026-07-21T13:58:16+00:00\",\"author\":{\"@id\":\"https:\\\/\\\/rse-online.de\\\/#\\\/schema\\\/person\\\/ae7b84bec8896471bcc4e801013fd279\"},\"breadcrumb\":{\"@id\":\"https:\\\/\\\/rse-online.de\\\/?p=1443#breadcrumb\"},\"inLanguage\":\"de\",\"potentialAction\":[{\"@type\":\"ReadAction\",\"target\":[\"https:\\\/\\\/rse-online.de\\\/?p=1443\"]}]},{\"@type\":\"ImageObject\",\"inLanguage\":\"de\",\"@id\":\"https:\\\/\\\/rse-online.de\\\/?p=1443#primaryimage\",\"url\":\"https:\\\/\\\/rse-online.de\\\/wp-content\\\/uploads\\\/2017\\\/10\\\/P9150100.jpg\",\"contentUrl\":\"https:\\\/\\\/rse-online.de\\\/wp-content\\\/uploads\\\/2017\\\/10\\\/P9150100.jpg\",\"width\":640,\"height\":480},{\"@type\":\"BreadcrumbList\",\"@id\":\"https:\\\/\\\/rse-online.de\\\/?p=1443#breadcrumb\",\"itemListElement\":[{\"@type\":\"ListItem\",\"position\":1,\"name\":\"Start\",\"item\":\"https:\\\/\\\/rse-online.de\\\/\"},{\"@type\":\"ListItem\",\"position\":2,\"name\":\"Sch\u00fclerbef\u00f6rderung\"}]},{\"@type\":\"WebSite\",\"@id\":\"https:\\\/\\\/rse-online.de\\\/#website\",\"url\":\"https:\\\/\\\/rse-online.de\\\/\",\"name\":\"Staatliche Realschule Elsenfeld\",\"description\":\"\",\"potentialAction\":[{\"@type\":\"SearchAction\",\"target\":{\"@type\":\"EntryPoint\",\"urlTemplate\":\"https:\\\/\\\/rse-online.de\\\/?s={search_term_string}\"},\"query-input\":{\"@type\":\"PropertyValueSpecification\",\"valueRequired\":true,\"valueName\":\"search_term_string\"}}],\"inLanguage\":\"de\"},{\"@type\":\"Person\",\"@id\":\"https:\\\/\\\/rse-online.de\\\/#\\\/schema\\\/person\\\/ae7b84bec8896471bcc4e801013fd279\",\"name\":\"Michaela Grimm\",\"image\":{\"@type\":\"ImageObject\",\"inLanguage\":\"de\",\"@id\":\"https:\\\/\\\/secure.gravatar.com\\\/avatar\\\/efd7726a3cf0af6ef62e7355f41046f0283efc280869ae8c6da4794be3651f4f?s=96&d=blank&r=g\",\"url\":\"https:\\\/\\\/secure.gravatar.com\\\/avatar\\\/efd7726a3cf0af6ef62e7355f41046f0283efc280869ae8c6da4794be3651f4f?s=96&d=blank&r=g\",\"contentUrl\":\"https:\\\/\\\/secure.gravatar.com\\\/avatar\\\/efd7726a3cf0af6ef62e7355f41046f0283efc280869ae8c6da4794be3651f4f?s=96&d=blank&r=g\",\"caption\":\"Michaela Grimm\"},\"url\":\"https:\\\/\\\/rse-online.de\"}]}<\/script>\n<!-- \/ Yoast SEO plugin. -->","yoast_head_json":{"title":"Sch\u00fclerbef\u00f6rderung - Staatliche Realschule Elsenfeld","robots":{"index":"index","follow":"follow","max-snippet":"max-snippet:-1","max-image-preview":"max-image-preview:large","max-video-preview":"max-video-preview:-1"},"canonical":"https:\/\/rse-online.de\/?p=1443","og_locale":"de_DE","og_type":"article","og_title":"Sch\u00fclerbef\u00f6rderung - Staatliche Realschule Elsenfeld","og_description":"Aktuelle Info: Im Hinblick auf den Schuljahreswechsel 2026\/2027 m\u00f6chten wir Sie \u00fcber wichtige \u00c4nderungen bez\u00fcglich der Deutschlandtickets auf Chipkarten informieren. Sperrung der Chipkarten w\u00e4hrend der Sommerferien Die derzeit ausgegebenen Deutschlandticket-Chipkarten werden im August 2026 gesperrt. In diesem Zeitraum besteht keine Fahrtberechtigung mit der Chipkarte. Entsprechend erfolgt f\u00fcr den Monat August keine Rechnungsstellung an den Kostentr\u00e4ger. [&hellip;]","og_url":"https:\/\/rse-online.de\/?p=1443","og_site_name":"Staatliche Realschule Elsenfeld","article_published_time":"2017-08-17T09:40:57+00:00","article_modified_time":"2026-07-21T13:58:16+00:00","og_image":[{"width":640,"height":480,"url":"https:\/\/rse-online.de\/wp-content\/uploads\/2017\/10\/P9150100.jpg","type":"image\/jpeg"}],"author":"Michaela Grimm","twitter_card":"summary_large_image","twitter_misc":{"Verfasst von":"Michaela Grimm","Gesch\u00e4tzte Lesezeit":"3\u00a0Minuten"},"schema":{"@context":"https:\/\/schema.org","@graph":[{"@type":"Article","@id":"https:\/\/rse-online.de\/?p=1443#article","isPartOf":{"@id":"https:\/\/rse-online.de\/?p=1443"},"author":{"name":"Michaela Grimm","@id":"https:\/\/rse-online.de\/#\/schema\/person\/ae7b84bec8896471bcc4e801013fd279"},"headline":"Sch\u00fclerbef\u00f6rderung","datePublished":"2017-08-17T09:40:57+00:00","dateModified":"2026-07-21T13:58:16+00:00","mainEntityOfPage":{"@id":"https:\/\/rse-online.de\/?p=1443"},"wordCount":423,"image":{"@id":"https:\/\/rse-online.de\/?p=1443#primaryimage"},"thumbnailUrl":"https:\/\/rse-online.de\/wp-content\/uploads\/2017\/10\/P9150100.jpg","articleSection":["Eltern"],"inLanguage":"de"},{"@type":"WebPage","@id":"https:\/\/rse-online.de\/?p=1443","url":"https:\/\/rse-online.de\/?p=1443","name":"Sch\u00fclerbef\u00f6rderung - Staatliche Realschule Elsenfeld","isPartOf":{"@id":"https:\/\/rse-online.de\/#website"},"primaryImageOfPage":{"@id":"https:\/\/rse-online.de\/?p=1443#primaryimage"},"image":{"@id":"https:\/\/rse-online.de\/?p=1443#primaryimage"},"thumbnailUrl":"https:\/\/rse-online.de\/wp-content\/uploads\/2017\/10\/P9150100.jpg","datePublished":"2017-08-17T09:40:57+00:00","dateModified":"2026-07-21T13:58:16+00:00","author":{"@id":"https:\/\/rse-online.de\/#\/schema\/person\/ae7b84bec8896471bcc4e801013fd279"},"breadcrumb":{"@id":"https:\/\/rse-online.de\/?p=1443#breadcrumb"},"inLanguage":"de","potentialAction":[{"@type":"ReadAction","target":["https:\/\/rse-online.de\/?p=1443"]}]},{"@type":"ImageObject","inLanguage":"de","@id":"https:\/\/rse-online.de\/?p=1443#primaryimage","url":"https:\/\/rse-online.de\/wp-content\/uploads\/2017\/10\/P9150100.jpg","contentUrl":"https:\/\/rse-online.de\/wp-content\/uploads\/2017\/10\/P9150100.jpg","width":640,"height":480},{"@type":"BreadcrumbList","@id":"https:\/\/rse-online.de\/?p=1443#breadcrumb","itemListElement":[{"@type":"ListItem","position":1,"name":"Start","item":"https:\/\/rse-online.de\/"},{"@type":"ListItem","position":2,"name":"Sch\u00fclerbef\u00f6rderung"}]},{"@type":"WebSite","@id":"https:\/\/rse-online.de\/#website","url":"https:\/\/rse-online.de\/","name":"Staatliche Realschule Elsenfeld","description":"","potentialAction":[{"@type":"SearchAction","target":{"@type":"EntryPoint","urlTemplate":"https:\/\/rse-online.de\/?s={search_term_string}"},"query-input":{"@type":"PropertyValueSpecification","valueRequired":true,"valueName":"search_term_string"}}],"inLanguage":"de"},{"@type":"Person","@id":"https:\/\/rse-online.de\/#\/schema\/person\/ae7b84bec8896471bcc4e801013fd279","name":"Michaela Grimm","image":{"@type":"ImageObject","inLanguage":"de","@id":"https:\/\/secure.gravatar.com\/avatar\/efd7726a3cf0af6ef62e7355f41046f0283efc280869ae8c6da4794be3651f4f?s=96&d=blank&r=g","url":"https:\/\/secure.gravatar.com\/avatar\/efd7726a3cf0af6ef62e7355f41046f0283efc280869ae8c6da4794be3651f4f?s=96&d=blank&r=g","contentUrl":"https:\/\/secure.gravatar.com\/avatar\/efd7726a3cf0af6ef62e7355f41046f0283efc280869ae8c6da4794be3651f4f?s=96&d=blank&r=g","caption":"Michaela Grimm"},"url":"https:\/\/rse-online.de"}]}},"_links":{"self":[{"href":"https:\/\/rse-online.de\/index.php?rest_route=\/wp\/v2\/posts\/1443","targetHints":{"allow":["GET"]}}],"collection":[{"href":"https:\/\/rse-online.de\/index.php?rest_route=\/wp\/v2\/posts"}],"about":[{"href":"https:\/\/rse-online.de\/index.php?rest_route=\/wp\/v2\/types\/post"}],"author":[{"embeddable":true,"href":"https:\/\/rse-online.de\/index.php?rest_route=\/wp\/v2\/users\/2"}],"replies":[{"embeddable":true,"href":"https:\/\/rse-online.de\/index.php?rest_route=%2Fwp%2Fv2%2Fcomments&post=1443"}],"version-history":[{"count":60,"href":"https:\/\/rse-online.de\/index.php?rest_route=\/wp\/v2\/posts\/1443\/revisions"}],"predecessor-version":[{"id":11065,"href":"https:\/\/rse-online.de\/index.php?rest_route=\/wp\/v2\/posts\/1443\/revisions\/11065"}],"wp:featuredmedia":[{"embeddable":true,"href":"https:\/\/rse-online.de\/index.php?rest_route=\/wp\/v2\/media\/1626"}],"wp:attachment":[{"href":"https:\/\/rse-online.de\/index.php?rest_route=%2Fwp%2Fv2%2Fmedia&parent=1443"}],"wp:term":[{"taxonomy":"category","embeddable":true,"href":"https:\/\/rse-online.de\/index.php?rest_route=%2Fwp%2Fv2%2Fcategories&post=1443"},{"taxonomy":"post_tag","embeddable":true,"href":"https:\/\/rse-online.de\/index.php?rest_route=%2Fwp%2Fv2%2Ftags&post=1443"}],"curies":[{"name":"wp","href":"https:\/\/api.w.org\/{rel}","templated":true}]}}