{"id":1357,"date":"2017-07-20T07:39:40","date_gmt":"2017-07-20T05:39:40","guid":{"rendered":"http:\/\/rse-online.de\/?p=1357"},"modified":"2025-10-10T12:28:34","modified_gmt":"2025-10-10T10:28:34","slug":"der-foerderkreis-der-rse","status":"publish","type":"post","link":"https:\/\/rse-online.de\/?p=1357","title":{"rendered":"Der F\u00f6rderkreis der RSE"},"content":{"rendered":"<p><span style=\"font-size: 12pt;\">An unserer Realschule gibt es seit dem Jahr 2007 einen F\u00f6rderverein. Er nennt sich \u201e<strong>F\u00f6rderkreis der Staatlichen Realschule Elsenfeld e.V<\/strong>.\u201c und ist ein eingetragener Verein.<\/span><\/p>\r\n<h4><strong>Aktuelles:<\/strong><\/h4>\r\n<p><span style=\"font-size: 12pt;\">Der F\u00f6rdervereinsvorstand hat\u00a0 gewechselt. Bedanken m\u00f6chten wir uns auf diesem Wege bei unseren Vorstandsmitgliedern f\u00fcr die tolle Arbeit, die geleistet wurde. Wir freuen uns schon auf viele Aktionen unseres neuen Vorstandes und w\u00fcnschen einen guten Einstand:<\/span><\/p>\r\n<p><span style=\"font-size: 12pt;\">Sabine Witzel (1. Vorsitzende), Rainer Sch\u00e4fer (2. Vorsitzender), Chantal R\u00fccker (3. Vorsitzende)<\/span><\/p>\r\n<p>&nbsp;<\/p>\r\n<p><span style=\"font-size: 12pt;\">Unsere <strong>Ziele<\/strong>:<\/span><\/p>\r\n<ol>\r\n\t<li><span style=\"font-size: 12pt;\">Aktivit\u00e4ten unterst\u00fctzen, die zur Vertiefung der Lerninhalte des Unterrichts beitragen<\/span><\/li>\r\n\t<li><span style=\"font-size: 12pt;\">Das Gemeinschaftsgef\u00fchl unserer Schulfamilie st\u00e4rken<\/span><\/li>\r\n\t<li><span style=\"font-size: 12pt;\">Sch\u00fcler ihren Begabungen entsprechend f\u00f6rdern<\/span><\/li>\r\n\t<li><span style=\"font-size: 12pt;\">Sicherstellung der Ganztagsbetreuung (GTB)<\/span><\/li>\r\n<\/ol>\r\n<p><span style=\"font-size: 12pt;\">Alle, die sich der Schulgemeinschaft verbunden f\u00fchlen, ehemalige Sch\u00fcler, Eltern, Lehrer und Sch\u00fcler k\u00f6nnen dieses Angebot nutzen und F\u00f6rderer unserer Schule werden.<\/span><\/p>\r\n<p><span style=\"font-size: 12pt;\">Nur so k\u00f6nnen wir m\u00f6glichst viele Ideen f\u00f6rdern und verwirklichen.<\/span><\/p>\r\n<p><span style=\"font-size: 12pt;\">Der <strong>F\u00f6rderbeitrag <\/strong>ist auch nach einer \u00c4nderung erschwinglich:<\/span><br \/>\r\n<span style=\"font-size: 12pt;\">Erwachsene: 12,00 \u20ac im Jahr<\/span><br \/>\r\n<span style=\"font-size: 12pt;\">Jugendliche: 3,00 \u20ac im Jahr<\/span><br \/>\r\n<span style=\"font-size: 12pt;\">Familien: 20,00 \u20ac im Jahr<\/span><\/p>\r\n<p>Flyer des F\u00f6rderkreises <a href=\"https:\/\/rse-online.de\/wp-content\/uploads\/2025\/10\/Flyer_Foerderverein_2025.pdf\" target=\"_blank\" rel=\"noopener\">Flyer F\u00f6rderkreis e.V._Version_2025<\/a><\/p>","protected":false},"excerpt":{"rendered":"<p>An unserer Realschule gibt es seit dem Jahr 2007 einen F\u00f6rderverein. Er nennt sich \u201eF\u00f6rderkreis der Staatlichen Realschule Elsenfeld e.V.\u201c und ist ein eingetragener Verein. Aktuelles: Der F\u00f6rdervereinsvorstand hat\u00a0 gewechselt. Bedanken m\u00f6chten wir uns auf diesem Wege bei unseren Vorstandsmitgliedern f\u00fcr die tolle Arbeit, die geleistet wurde. Wir freuen uns schon auf viele Aktionen unseres [&hellip;]<\/p>\n","protected":false},"author":2,"featured_media":2726,"comment_status":"closed","ping_status":"closed","sticky":false,"template":"","format":"standard","meta":{"footnotes":""},"categories":[72],"tags":[],"class_list":["post-1357","post","type-post","status-publish","format-standard","has-post-thumbnail","hentry","category-aktuelles"],"yoast_head":"<!-- This site is optimized with the Yoast SEO plugin v27.4 - https:\/\/yoast.com\/product\/yoast-seo-wordpress\/ -->\n<title>Der F\u00f6rderkreis der RSE - Staatliche Realschule Elsenfeld<\/title>\n<meta name=\"robots\" content=\"index, follow, max-snippet:-1, max-image-preview:large, max-video-preview:-1\" \/>\n<link rel=\"canonical\" href=\"https:\/\/rse-online.de\/?p=1357\" \/>\n<meta property=\"og:locale\" content=\"de_DE\" \/>\n<meta property=\"og:type\" content=\"article\" \/>\n<meta property=\"og:title\" content=\"Der F\u00f6rderkreis der RSE - Staatliche Realschule Elsenfeld\" \/>\n<meta property=\"og:description\" content=\"An unserer Realschule gibt es seit dem Jahr 2007 einen F\u00f6rderverein. Er nennt sich \u201eF\u00f6rderkreis der Staatlichen Realschule Elsenfeld e.V.\u201c und ist ein eingetragener Verein. Aktuelles: Der F\u00f6rdervereinsvorstand hat\u00a0 gewechselt. Bedanken m\u00f6chten wir uns auf diesem Wege bei unseren Vorstandsmitgliedern f\u00fcr die tolle Arbeit, die geleistet wurde. Wir freuen uns schon auf viele Aktionen unseres [&hellip;]\" \/>\n<meta property=\"og:url\" content=\"https:\/\/rse-online.de\/?p=1357\" \/>\n<meta property=\"og:site_name\" content=\"Staatliche Realschule Elsenfeld\" \/>\n<meta property=\"article:published_time\" content=\"2017-07-20T05:39:40+00:00\" \/>\n<meta property=\"article:modified_time\" content=\"2025-10-10T10:28:34+00:00\" \/>\n<meta property=\"og:image\" content=\"https:\/\/rse-online.de\/wp-content\/uploads\/2017\/07\/Foerderkreis.png\" \/>\n\t<meta property=\"og:image:width\" content=\"340\" \/>\n\t<meta property=\"og:image:height\" content=\"299\" \/>\n\t<meta property=\"og:image:type\" content=\"image\/png\" \/>\n<meta name=\"author\" content=\"Michaela Grimm\" \/>\n<meta name=\"twitter:card\" content=\"summary_large_image\" \/>\n<meta name=\"twitter:label1\" content=\"Verfasst von\" \/>\n\t<meta name=\"twitter:data1\" content=\"Michaela Grimm\" \/>\n\t<meta name=\"twitter:label2\" content=\"Gesch\u00e4tzte Lesezeit\" \/>\n\t<meta name=\"twitter:data2\" content=\"2\u00a0Minuten\" \/>\n<script type=\"application\/ld+json\" class=\"yoast-schema-graph\">{\"@context\":\"https:\\\/\\\/schema.org\",\"@graph\":[{\"@type\":\"Article\",\"@id\":\"https:\\\/\\\/rse-online.de\\\/?p=1357#article\",\"isPartOf\":{\"@id\":\"https:\\\/\\\/rse-online.de\\\/?p=1357\"},\"author\":{\"name\":\"Michaela Grimm\",\"@id\":\"https:\\\/\\\/rse-online.de\\\/#\\\/schema\\\/person\\\/ae7b84bec8896471bcc4e801013fd279\"},\"headline\":\"Der F\u00f6rderkreis der RSE\",\"datePublished\":\"2017-07-20T05:39:40+00:00\",\"dateModified\":\"2025-10-10T10:28:34+00:00\",\"mainEntityOfPage\":{\"@id\":\"https:\\\/\\\/rse-online.de\\\/?p=1357\"},\"wordCount\":185,\"image\":{\"@id\":\"https:\\\/\\\/rse-online.de\\\/?p=1357#primaryimage\"},\"thumbnailUrl\":\"https:\\\/\\\/rse-online.de\\\/wp-content\\\/uploads\\\/2017\\\/07\\\/Foerderkreis.png\",\"articleSection\":[\"Aktuelles\"],\"inLanguage\":\"de\"},{\"@type\":\"WebPage\",\"@id\":\"https:\\\/\\\/rse-online.de\\\/?p=1357\",\"url\":\"https:\\\/\\\/rse-online.de\\\/?p=1357\",\"name\":\"Der F\u00f6rderkreis der RSE - Staatliche Realschule Elsenfeld\",\"isPartOf\":{\"@id\":\"https:\\\/\\\/rse-online.de\\\/#website\"},\"primaryImageOfPage\":{\"@id\":\"https:\\\/\\\/rse-online.de\\\/?p=1357#primaryimage\"},\"image\":{\"@id\":\"https:\\\/\\\/rse-online.de\\\/?p=1357#primaryimage\"},\"thumbnailUrl\":\"https:\\\/\\\/rse-online.de\\\/wp-content\\\/uploads\\\/2017\\\/07\\\/Foerderkreis.png\",\"datePublished\":\"2017-07-20T05:39:40+00:00\",\"dateModified\":\"2025-10-10T10:28:34+00:00\",\"author\":{\"@id\":\"https:\\\/\\\/rse-online.de\\\/#\\\/schema\\\/person\\\/ae7b84bec8896471bcc4e801013fd279\"},\"breadcrumb\":{\"@id\":\"https:\\\/\\\/rse-online.de\\\/?p=1357#breadcrumb\"},\"inLanguage\":\"de\",\"potentialAction\":[{\"@type\":\"ReadAction\",\"target\":[\"https:\\\/\\\/rse-online.de\\\/?p=1357\"]}]},{\"@type\":\"ImageObject\",\"inLanguage\":\"de\",\"@id\":\"https:\\\/\\\/rse-online.de\\\/?p=1357#primaryimage\",\"url\":\"https:\\\/\\\/rse-online.de\\\/wp-content\\\/uploads\\\/2017\\\/07\\\/Foerderkreis.png\",\"contentUrl\":\"https:\\\/\\\/rse-online.de\\\/wp-content\\\/uploads\\\/2017\\\/07\\\/Foerderkreis.png\",\"width\":340,\"height\":299},{\"@type\":\"BreadcrumbList\",\"@id\":\"https:\\\/\\\/rse-online.de\\\/?p=1357#breadcrumb\",\"itemListElement\":[{\"@type\":\"ListItem\",\"position\":1,\"name\":\"Start\",\"item\":\"https:\\\/\\\/rse-online.de\\\/\"},{\"@type\":\"ListItem\",\"position\":2,\"name\":\"Der F\u00f6rderkreis der RSE\"}]},{\"@type\":\"WebSite\",\"@id\":\"https:\\\/\\\/rse-online.de\\\/#website\",\"url\":\"https:\\\/\\\/rse-online.de\\\/\",\"name\":\"Staatliche Realschule Elsenfeld\",\"description\":\"\",\"potentialAction\":[{\"@type\":\"SearchAction\",\"target\":{\"@type\":\"EntryPoint\",\"urlTemplate\":\"https:\\\/\\\/rse-online.de\\\/?s={search_term_string}\"},\"query-input\":{\"@type\":\"PropertyValueSpecification\",\"valueRequired\":true,\"valueName\":\"search_term_string\"}}],\"inLanguage\":\"de\"},{\"@type\":\"Person\",\"@id\":\"https:\\\/\\\/rse-online.de\\\/#\\\/schema\\\/person\\\/ae7b84bec8896471bcc4e801013fd279\",\"name\":\"Michaela Grimm\",\"image\":{\"@type\":\"ImageObject\",\"inLanguage\":\"de\",\"@id\":\"https:\\\/\\\/secure.gravatar.com\\\/avatar\\\/efd7726a3cf0af6ef62e7355f41046f0283efc280869ae8c6da4794be3651f4f?s=96&d=blank&r=g\",\"url\":\"https:\\\/\\\/secure.gravatar.com\\\/avatar\\\/efd7726a3cf0af6ef62e7355f41046f0283efc280869ae8c6da4794be3651f4f?s=96&d=blank&r=g\",\"contentUrl\":\"https:\\\/\\\/secure.gravatar.com\\\/avatar\\\/efd7726a3cf0af6ef62e7355f41046f0283efc280869ae8c6da4794be3651f4f?s=96&d=blank&r=g\",\"caption\":\"Michaela Grimm\"},\"url\":\"https:\\\/\\\/rse-online.de\"}]}<\/script>\n<!-- \/ Yoast SEO plugin. -->","yoast_head_json":{"title":"Der F\u00f6rderkreis der RSE - Staatliche Realschule Elsenfeld","robots":{"index":"index","follow":"follow","max-snippet":"max-snippet:-1","max-image-preview":"max-image-preview:large","max-video-preview":"max-video-preview:-1"},"canonical":"https:\/\/rse-online.de\/?p=1357","og_locale":"de_DE","og_type":"article","og_title":"Der F\u00f6rderkreis der RSE - Staatliche Realschule Elsenfeld","og_description":"An unserer Realschule gibt es seit dem Jahr 2007 einen F\u00f6rderverein. Er nennt sich \u201eF\u00f6rderkreis der Staatlichen Realschule Elsenfeld e.V.\u201c und ist ein eingetragener Verein. Aktuelles: Der F\u00f6rdervereinsvorstand hat\u00a0 gewechselt. Bedanken m\u00f6chten wir uns auf diesem Wege bei unseren Vorstandsmitgliedern f\u00fcr die tolle Arbeit, die geleistet wurde. Wir freuen uns schon auf viele Aktionen unseres [&hellip;]","og_url":"https:\/\/rse-online.de\/?p=1357","og_site_name":"Staatliche Realschule Elsenfeld","article_published_time":"2017-07-20T05:39:40+00:00","article_modified_time":"2025-10-10T10:28:34+00:00","og_image":[{"width":340,"height":299,"url":"https:\/\/rse-online.de\/wp-content\/uploads\/2017\/07\/Foerderkreis.png","type":"image\/png"}],"author":"Michaela Grimm","twitter_card":"summary_large_image","twitter_misc":{"Verfasst von":"Michaela Grimm","Gesch\u00e4tzte Lesezeit":"2\u00a0Minuten"},"schema":{"@context":"https:\/\/schema.org","@graph":[{"@type":"Article","@id":"https:\/\/rse-online.de\/?p=1357#article","isPartOf":{"@id":"https:\/\/rse-online.de\/?p=1357"},"author":{"name":"Michaela Grimm","@id":"https:\/\/rse-online.de\/#\/schema\/person\/ae7b84bec8896471bcc4e801013fd279"},"headline":"Der F\u00f6rderkreis der RSE","datePublished":"2017-07-20T05:39:40+00:00","dateModified":"2025-10-10T10:28:34+00:00","mainEntityOfPage":{"@id":"https:\/\/rse-online.de\/?p=1357"},"wordCount":185,"image":{"@id":"https:\/\/rse-online.de\/?p=1357#primaryimage"},"thumbnailUrl":"https:\/\/rse-online.de\/wp-content\/uploads\/2017\/07\/Foerderkreis.png","articleSection":["Aktuelles"],"inLanguage":"de"},{"@type":"WebPage","@id":"https:\/\/rse-online.de\/?p=1357","url":"https:\/\/rse-online.de\/?p=1357","name":"Der F\u00f6rderkreis der RSE - Staatliche Realschule Elsenfeld","isPartOf":{"@id":"https:\/\/rse-online.de\/#website"},"primaryImageOfPage":{"@id":"https:\/\/rse-online.de\/?p=1357#primaryimage"},"image":{"@id":"https:\/\/rse-online.de\/?p=1357#primaryimage"},"thumbnailUrl":"https:\/\/rse-online.de\/wp-content\/uploads\/2017\/07\/Foerderkreis.png","datePublished":"2017-07-20T05:39:40+00:00","dateModified":"2025-10-10T10:28:34+00:00","author":{"@id":"https:\/\/rse-online.de\/#\/schema\/person\/ae7b84bec8896471bcc4e801013fd279"},"breadcrumb":{"@id":"https:\/\/rse-online.de\/?p=1357#breadcrumb"},"inLanguage":"de","potentialAction":[{"@type":"ReadAction","target":["https:\/\/rse-online.de\/?p=1357"]}]},{"@type":"ImageObject","inLanguage":"de","@id":"https:\/\/rse-online.de\/?p=1357#primaryimage","url":"https:\/\/rse-online.de\/wp-content\/uploads\/2017\/07\/Foerderkreis.png","contentUrl":"https:\/\/rse-online.de\/wp-content\/uploads\/2017\/07\/Foerderkreis.png","width":340,"height":299},{"@type":"BreadcrumbList","@id":"https:\/\/rse-online.de\/?p=1357#breadcrumb","itemListElement":[{"@type":"ListItem","position":1,"name":"Start","item":"https:\/\/rse-online.de\/"},{"@type":"ListItem","position":2,"name":"Der F\u00f6rderkreis der RSE"}]},{"@type":"WebSite","@id":"https:\/\/rse-online.de\/#website","url":"https:\/\/rse-online.de\/","name":"Staatliche Realschule Elsenfeld","description":"","potentialAction":[{"@type":"SearchAction","target":{"@type":"EntryPoint","urlTemplate":"https:\/\/rse-online.de\/?s={search_term_string}"},"query-input":{"@type":"PropertyValueSpecification","valueRequired":true,"valueName":"search_term_string"}}],"inLanguage":"de"},{"@type":"Person","@id":"https:\/\/rse-online.de\/#\/schema\/person\/ae7b84bec8896471bcc4e801013fd279","name":"Michaela Grimm","image":{"@type":"ImageObject","inLanguage":"de","@id":"https:\/\/secure.gravatar.com\/avatar\/efd7726a3cf0af6ef62e7355f41046f0283efc280869ae8c6da4794be3651f4f?s=96&d=blank&r=g","url":"https:\/\/secure.gravatar.com\/avatar\/efd7726a3cf0af6ef62e7355f41046f0283efc280869ae8c6da4794be3651f4f?s=96&d=blank&r=g","contentUrl":"https:\/\/secure.gravatar.com\/avatar\/efd7726a3cf0af6ef62e7355f41046f0283efc280869ae8c6da4794be3651f4f?s=96&d=blank&r=g","caption":"Michaela Grimm"},"url":"https:\/\/rse-online.de"}]}},"_links":{"self":[{"href":"https:\/\/rse-online.de\/index.php?rest_route=\/wp\/v2\/posts\/1357","targetHints":{"allow":["GET"]}}],"collection":[{"href":"https:\/\/rse-online.de\/index.php?rest_route=\/wp\/v2\/posts"}],"about":[{"href":"https:\/\/rse-online.de\/index.php?rest_route=\/wp\/v2\/types\/post"}],"author":[{"embeddable":true,"href":"https:\/\/rse-online.de\/index.php?rest_route=\/wp\/v2\/users\/2"}],"replies":[{"embeddable":true,"href":"https:\/\/rse-online.de\/index.php?rest_route=%2Fwp%2Fv2%2Fcomments&post=1357"}],"version-history":[{"count":31,"href":"https:\/\/rse-online.de\/index.php?rest_route=\/wp\/v2\/posts\/1357\/revisions"}],"predecessor-version":[{"id":10034,"href":"https:\/\/rse-online.de\/index.php?rest_route=\/wp\/v2\/posts\/1357\/revisions\/10034"}],"wp:featuredmedia":[{"embeddable":true,"href":"https:\/\/rse-online.de\/index.php?rest_route=\/wp\/v2\/media\/2726"}],"wp:attachment":[{"href":"https:\/\/rse-online.de\/index.php?rest_route=%2Fwp%2Fv2%2Fmedia&parent=1357"}],"wp:term":[{"taxonomy":"category","embeddable":true,"href":"https:\/\/rse-online.de\/index.php?rest_route=%2Fwp%2Fv2%2Fcategories&post=1357"},{"taxonomy":"post_tag","embeddable":true,"href":"https:\/\/rse-online.de\/index.php?rest_route=%2Fwp%2Fv2%2Ftags&post=1357"}],"curies":[{"name":"wp","href":"https:\/\/api.w.org\/{rel}","templated":true}]}}