{"id":10490,"date":"2026-02-10T13:15:05","date_gmt":"2026-02-10T12:15:05","guid":{"rendered":"https:\/\/rse-online.de\/?p=10490"},"modified":"2026-02-10T13:15:05","modified_gmt":"2026-02-10T12:15:05","slug":"lehrerbesuch-der-rse-auf-zypern","status":"publish","type":"post","link":"https:\/\/rse-online.de\/?p=10490","title":{"rendered":"Lehrerbesuch der RSE auf Zypern"},"content":{"rendered":"Im Rahmen von Erasmus und des bayerischen Staatsministeriums f\u00fcr Unterricht und Kultus begaben sich zum kulturellen Austausch und Finden gemeinsamer Projekte zwei Lehrkr\u00e4fte der Realschule Elsenfeld nach Zypern, um eine weitere zypriotische Schule, die \u201eTechnical School\u201c in Avgorou, f\u00fcr gemeinsame Projekte zu gewinnen. Die Projektleiterin vor Ort, Christina Kyprianou, begleitete die Lehrkr\u00e4fte und zeigte kulturelle Besonderheiten der Insel auf.\r\n\r\nHierbei kam es zu der Begegnung von Lehrkr\u00e4ften und Sch\u00fclern, welche ihre Schule als technische Oberstufe zur Vorbereitung zum Abitur f\u00fcr ein anschlie\u00dfendes Studium vorstellten. \r\nDer Direktor, Mr. Constandinos Arsalides stellte sich zu Beginn vor und informierte \u00fcber das technische Profil der Schule mit ihren Ausbildungsinhalten. Die Institution nimmt aus der ganzen Region Famagusta ihre Sch\u00fclerinnen und Sch\u00fcler auf.  Es wurden auch Vergleiche zwischen dem deutschen und zypriotischen Schulsystem gezogen.\r\n \r\nDie Vorstellung der Fachr\u00e4ume und der Profilierung (Architecture, Mathematics, Services of Aesthetics and Hairdressing, IT, Mechanical-, Electrical Engineering, Digital Technology, Agricultural science,  &#8230;) l\u00e4sst bereits erkennen, dass es sich um eine Schule mit einem hohen Anwendungsprofil handelt, welche die Sch\u00fclerschaft auf sehr beeindruckende Weise nicht nur theoretisch, sondern auch praktisch vorbereitet. So wurden das 3D-Printing, der Einsatz und die Programmierung sowie Anwendungsm\u00f6glichkeiten f\u00fcr Drohnen-Nutzung vorgestellt.\r\n \r\nBesonders interessant war die Besichtigung des Schulgartens, in dem sich u.a. Pistazien- und Olivenb\u00e4ume fanden, aber auch ein Feld mit der zypriotischen Aloe Vera, die zur Herstellung nat\u00fcrlicher Kosmetik und pharmazeutischer Produkte dient.\r\nBesonders beeindruckend waren die Gew\u00e4chsh\u00e4user mit Substratausstattung sowie IT- \u00fcberwachten Bew\u00e4sserungssystemen und die Vorstellung von Veredelungsverfahren, um gesunde Pflanzen ohne Pestizid- und D\u00fcngemitteleinsatz zu kultivieren. Ber\u00fchmt ist die Famagusta-Region f\u00fcr ihre Roterde, auf der kulinarische K\u00f6stlichkeiten, wie z.B. Kartoffeln, Avocados, Granat\u00e4pfel und vieles mehr gedeihen.\r\n \r\nDie Auswirkungen des Klimawandels geben nicht nur in Deutschland, sondern ebenso auf Zypern Anlass zur Sorge, so dass ein gemeinsames Bienenprojekt nun beiden sehr am Herzen liegt. \r\nDer Besuch einer Bienenfarm in der n\u00e4chsten Umgebung der Schule und eines Bienenmuseums in Kato Dries gaben Inspiration dazu, nach M\u00f6glichkeit auch ein Schulfach \u201eImkern\u201c an der Technical School zu installieren.\r\n\r\nEin kulturelles Highlight war die Besichtigung Lefkaras und der Hauptstadt Nicosias. \r\nWir bedanken uns recht herzlich f\u00fcr die liebevolle und gastfreundliche Aufnahme und das Interesse an unserer Schule f\u00fcr eine gemeinsame Zusammenarbeit bei allen Lehrkr\u00e4ften, dem Direktor Mr. Constandinos Arsalides und nat\u00fcrlich bei Christina Kyprianou, welche uns mit sehr viel Herz die Insel Zypern mit ihren Sch\u00f6nheiten, der technischen Fortschrittlichkeit und ihrer Geschichte nahegebracht hat.\r\n\r\nYvonne Freiberg\r\n\r\n\n\t\t<style type=\"text\/css\">\n\t\t\t#gallery-1 {\n\t\t\t\tmargin: auto;\n\t\t\t}\n\t\t\t#gallery-1 .gallery-item {\n\t\t\t\tfloat: left;\n\t\t\t\tmargin-top: 10px;\n\t\t\t\ttext-align: center;\n\t\t\t\twidth: 33%;\n\t\t\t}\n\t\t\t#gallery-1 img {\n\t\t\t\tborder: 2px solid #cfcfcf;\n\t\t\t}\n\t\t\t#gallery-1 .gallery-caption {\n\t\t\t\tmargin-left: 0;\n\t\t\t}\n\t\t\t\/* see gallery_shortcode() in wp-includes\/media.php *\/\n\t\t<\/style>\n\t\t<div id='gallery-1' class='gallery galleryid-10490 gallery-columns-3 gallery-size-thumbnail'><dl class='gallery-item'>\n\t\t\t<dt class='gallery-icon portrait'>\n\t\t\t\t<a href='https:\/\/rse-online.de\/wp-content\/uploads\/2026\/02\/Zypern-1-460x1024.jpg' title=\"\" data-rl_title=\"\" class=\"rl-gallery-link\" data-rl_caption=\"\" data-rel=\"lightbox-gallery-1\"><img loading=\"lazy\" decoding=\"async\" width=\"150\" height=\"150\" src=\"https:\/\/rse-online.de\/wp-content\/uploads\/2026\/02\/Zypern-1-150x150.jpg\" class=\"attachment-thumbnail size-thumbnail\" alt=\"\" \/><\/a>\n\t\t\t<\/dt><\/dl><dl class='gallery-item'>\n\t\t\t<dt class='gallery-icon landscape'>\n\t\t\t\t<a href='https:\/\/rse-online.de\/wp-content\/uploads\/2026\/02\/Zypern-2-1920x865.jpg' title=\"\" data-rl_title=\"\" class=\"rl-gallery-link\" data-rl_caption=\"\" data-rel=\"lightbox-gallery-1\"><img loading=\"lazy\" decoding=\"async\" width=\"150\" height=\"150\" src=\"https:\/\/rse-online.de\/wp-content\/uploads\/2026\/02\/Zypern-2-150x150.jpg\" class=\"attachment-thumbnail size-thumbnail\" alt=\"\" \/><\/a>\n\t\t\t<\/dt><\/dl><dl class='gallery-item'>\n\t\t\t<dt class='gallery-icon landscape'>\n\t\t\t\t<a href='https:\/\/rse-online.de\/wp-content\/uploads\/2026\/02\/Zypern-3-1920x864.jpg' title=\"\" data-rl_title=\"\" class=\"rl-gallery-link\" data-rl_caption=\"\" data-rel=\"lightbox-gallery-1\"><img loading=\"lazy\" decoding=\"async\" width=\"150\" height=\"150\" src=\"https:\/\/rse-online.de\/wp-content\/uploads\/2026\/02\/Zypern-3-150x150.jpg\" class=\"attachment-thumbnail size-thumbnail\" alt=\"\" \/><\/a>\n\t\t\t<\/dt><\/dl><br style=\"clear: both\" \/><dl class='gallery-item'>\n\t\t\t<dt class='gallery-icon landscape'>\n\t\t\t\t<a href='https:\/\/rse-online.de\/wp-content\/uploads\/2026\/02\/Zypern-4-1920x865.jpg' title=\"\" data-rl_title=\"\" class=\"rl-gallery-link\" data-rl_caption=\"\" data-rel=\"lightbox-gallery-1\"><img loading=\"lazy\" decoding=\"async\" width=\"150\" height=\"150\" src=\"https:\/\/rse-online.de\/wp-content\/uploads\/2026\/02\/Zypern-4-150x150.jpg\" class=\"attachment-thumbnail size-thumbnail\" alt=\"\" \/><\/a>\n\t\t\t<\/dt><\/dl>\n\t\t\t<br style='clear: both' \/>\n\t\t<\/div>\n\r\n","protected":false},"excerpt":{"rendered":"<p>Im Rahmen von Erasmus und des bayerischen Staatsministeriums f\u00fcr Unterricht und Kultus begaben sich zum kulturellen Austausch und Finden gemeinsamer Projekte zwei Lehrkr\u00e4fte der Realschule Elsenfeld nach Zypern, um eine weitere zypriotische Schule, die \u201eTechnical School\u201c in Avgorou, f\u00fcr gemeinsame Projekte zu gewinnen. Die Projektleiterin vor Ort, Christina Kyprianou, begleitete die Lehrkr\u00e4fte und zeigte kulturelle [&hellip;]<\/p>\n","protected":false},"author":8,"featured_media":10491,"comment_status":"closed","ping_status":"closed","sticky":false,"template":"","format":"standard","meta":{"footnotes":""},"categories":[99],"tags":[],"class_list":["post-10490","post","type-post","status-publish","format-standard","has-post-thumbnail","hentry","category-erasmus"],"yoast_head":"<!-- This site is optimized with the Yoast SEO plugin v27.4 - https:\/\/yoast.com\/product\/yoast-seo-wordpress\/ -->\n<title>Lehrerbesuch der RSE auf Zypern - Staatliche Realschule Elsenfeld<\/title>\n<meta name=\"robots\" content=\"index, follow, max-snippet:-1, max-image-preview:large, max-video-preview:-1\" \/>\n<link rel=\"canonical\" href=\"https:\/\/rse-online.de\/?p=10490\" \/>\n<meta property=\"og:locale\" content=\"de_DE\" \/>\n<meta property=\"og:type\" content=\"article\" \/>\n<meta property=\"og:title\" content=\"Lehrerbesuch der RSE auf Zypern - Staatliche Realschule Elsenfeld\" \/>\n<meta property=\"og:description\" content=\"Im Rahmen von Erasmus und des bayerischen Staatsministeriums f\u00fcr Unterricht und Kultus begaben sich zum kulturellen Austausch und Finden gemeinsamer Projekte zwei Lehrkr\u00e4fte der Realschule Elsenfeld nach Zypern, um eine weitere zypriotische Schule, die \u201eTechnical School\u201c in Avgorou, f\u00fcr gemeinsame Projekte zu gewinnen. Die Projektleiterin vor Ort, Christina Kyprianou, begleitete die Lehrkr\u00e4fte und zeigte kulturelle [&hellip;]\" \/>\n<meta property=\"og:url\" content=\"https:\/\/rse-online.de\/?p=10490\" \/>\n<meta property=\"og:site_name\" content=\"Staatliche Realschule Elsenfeld\" \/>\n<meta property=\"article:published_time\" content=\"2026-02-10T12:15:05+00:00\" \/>\n<meta property=\"og:image\" content=\"https:\/\/rse-online.de\/wp-content\/uploads\/2026\/02\/Zypern-1-scaled.jpg\" \/>\n\t<meta property=\"og:image:width\" content=\"1150\" \/>\n\t<meta property=\"og:image:height\" content=\"2560\" \/>\n\t<meta property=\"og:image:type\" content=\"image\/jpeg\" \/>\n<meta name=\"author\" content=\"Rainer Sch\u00e4fer\" \/>\n<meta name=\"twitter:card\" content=\"summary_large_image\" \/>\n<meta name=\"twitter:label1\" content=\"Verfasst von\" \/>\n\t<meta name=\"twitter:data1\" content=\"Rainer Sch\u00e4fer\" \/>\n\t<meta name=\"twitter:label2\" content=\"Gesch\u00e4tzte Lesezeit\" \/>\n\t<meta name=\"twitter:data2\" content=\"1\u00a0Minute\" \/>\n<script type=\"application\/ld+json\" class=\"yoast-schema-graph\">{\"@context\":\"https:\\\/\\\/schema.org\",\"@graph\":[{\"@type\":\"Article\",\"@id\":\"https:\\\/\\\/rse-online.de\\\/?p=10490#article\",\"isPartOf\":{\"@id\":\"https:\\\/\\\/rse-online.de\\\/?p=10490\"},\"author\":{\"name\":\"Rainer Sch\u00e4fer\",\"@id\":\"https:\\\/\\\/rse-online.de\\\/#\\\/schema\\\/person\\\/d29a8bdc6fb643da580cb2367e38b3ef\"},\"headline\":\"Lehrerbesuch der RSE auf Zypern\",\"datePublished\":\"2026-02-10T12:15:05+00:00\",\"mainEntityOfPage\":{\"@id\":\"https:\\\/\\\/rse-online.de\\\/?p=10490\"},\"wordCount\":437,\"image\":{\"@id\":\"https:\\\/\\\/rse-online.de\\\/?p=10490#primaryimage\"},\"thumbnailUrl\":\"https:\\\/\\\/rse-online.de\\\/wp-content\\\/uploads\\\/2026\\\/02\\\/Zypern-1-scaled.jpg\",\"articleSection\":[\"Erasmus\"],\"inLanguage\":\"de\"},{\"@type\":\"WebPage\",\"@id\":\"https:\\\/\\\/rse-online.de\\\/?p=10490\",\"url\":\"https:\\\/\\\/rse-online.de\\\/?p=10490\",\"name\":\"Lehrerbesuch der RSE auf Zypern - Staatliche Realschule Elsenfeld\",\"isPartOf\":{\"@id\":\"https:\\\/\\\/rse-online.de\\\/#website\"},\"primaryImageOfPage\":{\"@id\":\"https:\\\/\\\/rse-online.de\\\/?p=10490#primaryimage\"},\"image\":{\"@id\":\"https:\\\/\\\/rse-online.de\\\/?p=10490#primaryimage\"},\"thumbnailUrl\":\"https:\\\/\\\/rse-online.de\\\/wp-content\\\/uploads\\\/2026\\\/02\\\/Zypern-1-scaled.jpg\",\"datePublished\":\"2026-02-10T12:15:05+00:00\",\"author\":{\"@id\":\"https:\\\/\\\/rse-online.de\\\/#\\\/schema\\\/person\\\/d29a8bdc6fb643da580cb2367e38b3ef\"},\"breadcrumb\":{\"@id\":\"https:\\\/\\\/rse-online.de\\\/?p=10490#breadcrumb\"},\"inLanguage\":\"de\",\"potentialAction\":[{\"@type\":\"ReadAction\",\"target\":[\"https:\\\/\\\/rse-online.de\\\/?p=10490\"]}]},{\"@type\":\"ImageObject\",\"inLanguage\":\"de\",\"@id\":\"https:\\\/\\\/rse-online.de\\\/?p=10490#primaryimage\",\"url\":\"https:\\\/\\\/rse-online.de\\\/wp-content\\\/uploads\\\/2026\\\/02\\\/Zypern-1-scaled.jpg\",\"contentUrl\":\"https:\\\/\\\/rse-online.de\\\/wp-content\\\/uploads\\\/2026\\\/02\\\/Zypern-1-scaled.jpg\",\"width\":1150,\"height\":2560},{\"@type\":\"BreadcrumbList\",\"@id\":\"https:\\\/\\\/rse-online.de\\\/?p=10490#breadcrumb\",\"itemListElement\":[{\"@type\":\"ListItem\",\"position\":1,\"name\":\"Start\",\"item\":\"https:\\\/\\\/rse-online.de\\\/\"},{\"@type\":\"ListItem\",\"position\":2,\"name\":\"Lehrerbesuch der RSE auf Zypern\"}]},{\"@type\":\"WebSite\",\"@id\":\"https:\\\/\\\/rse-online.de\\\/#website\",\"url\":\"https:\\\/\\\/rse-online.de\\\/\",\"name\":\"Staatliche Realschule Elsenfeld\",\"description\":\"\",\"potentialAction\":[{\"@type\":\"SearchAction\",\"target\":{\"@type\":\"EntryPoint\",\"urlTemplate\":\"https:\\\/\\\/rse-online.de\\\/?s={search_term_string}\"},\"query-input\":{\"@type\":\"PropertyValueSpecification\",\"valueRequired\":true,\"valueName\":\"search_term_string\"}}],\"inLanguage\":\"de\"},{\"@type\":\"Person\",\"@id\":\"https:\\\/\\\/rse-online.de\\\/#\\\/schema\\\/person\\\/d29a8bdc6fb643da580cb2367e38b3ef\",\"name\":\"Rainer Sch\u00e4fer\",\"image\":{\"@type\":\"ImageObject\",\"inLanguage\":\"de\",\"@id\":\"https:\\\/\\\/secure.gravatar.com\\\/avatar\\\/c9dbc77c241c0ea329f31ad98b1392c9c7b4fb1fbf40077095222984b27bf4ab?s=96&d=blank&r=g\",\"url\":\"https:\\\/\\\/secure.gravatar.com\\\/avatar\\\/c9dbc77c241c0ea329f31ad98b1392c9c7b4fb1fbf40077095222984b27bf4ab?s=96&d=blank&r=g\",\"contentUrl\":\"https:\\\/\\\/secure.gravatar.com\\\/avatar\\\/c9dbc77c241c0ea329f31ad98b1392c9c7b4fb1fbf40077095222984b27bf4ab?s=96&d=blank&r=g\",\"caption\":\"Rainer Sch\u00e4fer\"},\"url\":\"https:\\\/\\\/rse-online.de\"}]}<\/script>\n<!-- \/ Yoast SEO plugin. -->","yoast_head_json":{"title":"Lehrerbesuch der RSE auf Zypern - Staatliche Realschule Elsenfeld","robots":{"index":"index","follow":"follow","max-snippet":"max-snippet:-1","max-image-preview":"max-image-preview:large","max-video-preview":"max-video-preview:-1"},"canonical":"https:\/\/rse-online.de\/?p=10490","og_locale":"de_DE","og_type":"article","og_title":"Lehrerbesuch der RSE auf Zypern - Staatliche Realschule Elsenfeld","og_description":"Im Rahmen von Erasmus und des bayerischen Staatsministeriums f\u00fcr Unterricht und Kultus begaben sich zum kulturellen Austausch und Finden gemeinsamer Projekte zwei Lehrkr\u00e4fte der Realschule Elsenfeld nach Zypern, um eine weitere zypriotische Schule, die \u201eTechnical School\u201c in Avgorou, f\u00fcr gemeinsame Projekte zu gewinnen. Die Projektleiterin vor Ort, Christina Kyprianou, begleitete die Lehrkr\u00e4fte und zeigte kulturelle [&hellip;]","og_url":"https:\/\/rse-online.de\/?p=10490","og_site_name":"Staatliche Realschule Elsenfeld","article_published_time":"2026-02-10T12:15:05+00:00","og_image":[{"width":1150,"height":2560,"url":"https:\/\/rse-online.de\/wp-content\/uploads\/2026\/02\/Zypern-1-scaled.jpg","type":"image\/jpeg"}],"author":"Rainer Sch\u00e4fer","twitter_card":"summary_large_image","twitter_misc":{"Verfasst von":"Rainer Sch\u00e4fer","Gesch\u00e4tzte Lesezeit":"1\u00a0Minute"},"schema":{"@context":"https:\/\/schema.org","@graph":[{"@type":"Article","@id":"https:\/\/rse-online.de\/?p=10490#article","isPartOf":{"@id":"https:\/\/rse-online.de\/?p=10490"},"author":{"name":"Rainer Sch\u00e4fer","@id":"https:\/\/rse-online.de\/#\/schema\/person\/d29a8bdc6fb643da580cb2367e38b3ef"},"headline":"Lehrerbesuch der RSE auf Zypern","datePublished":"2026-02-10T12:15:05+00:00","mainEntityOfPage":{"@id":"https:\/\/rse-online.de\/?p=10490"},"wordCount":437,"image":{"@id":"https:\/\/rse-online.de\/?p=10490#primaryimage"},"thumbnailUrl":"https:\/\/rse-online.de\/wp-content\/uploads\/2026\/02\/Zypern-1-scaled.jpg","articleSection":["Erasmus"],"inLanguage":"de"},{"@type":"WebPage","@id":"https:\/\/rse-online.de\/?p=10490","url":"https:\/\/rse-online.de\/?p=10490","name":"Lehrerbesuch der RSE auf Zypern - Staatliche Realschule Elsenfeld","isPartOf":{"@id":"https:\/\/rse-online.de\/#website"},"primaryImageOfPage":{"@id":"https:\/\/rse-online.de\/?p=10490#primaryimage"},"image":{"@id":"https:\/\/rse-online.de\/?p=10490#primaryimage"},"thumbnailUrl":"https:\/\/rse-online.de\/wp-content\/uploads\/2026\/02\/Zypern-1-scaled.jpg","datePublished":"2026-02-10T12:15:05+00:00","author":{"@id":"https:\/\/rse-online.de\/#\/schema\/person\/d29a8bdc6fb643da580cb2367e38b3ef"},"breadcrumb":{"@id":"https:\/\/rse-online.de\/?p=10490#breadcrumb"},"inLanguage":"de","potentialAction":[{"@type":"ReadAction","target":["https:\/\/rse-online.de\/?p=10490"]}]},{"@type":"ImageObject","inLanguage":"de","@id":"https:\/\/rse-online.de\/?p=10490#primaryimage","url":"https:\/\/rse-online.de\/wp-content\/uploads\/2026\/02\/Zypern-1-scaled.jpg","contentUrl":"https:\/\/rse-online.de\/wp-content\/uploads\/2026\/02\/Zypern-1-scaled.jpg","width":1150,"height":2560},{"@type":"BreadcrumbList","@id":"https:\/\/rse-online.de\/?p=10490#breadcrumb","itemListElement":[{"@type":"ListItem","position":1,"name":"Start","item":"https:\/\/rse-online.de\/"},{"@type":"ListItem","position":2,"name":"Lehrerbesuch der RSE auf Zypern"}]},{"@type":"WebSite","@id":"https:\/\/rse-online.de\/#website","url":"https:\/\/rse-online.de\/","name":"Staatliche Realschule Elsenfeld","description":"","potentialAction":[{"@type":"SearchAction","target":{"@type":"EntryPoint","urlTemplate":"https:\/\/rse-online.de\/?s={search_term_string}"},"query-input":{"@type":"PropertyValueSpecification","valueRequired":true,"valueName":"search_term_string"}}],"inLanguage":"de"},{"@type":"Person","@id":"https:\/\/rse-online.de\/#\/schema\/person\/d29a8bdc6fb643da580cb2367e38b3ef","name":"Rainer Sch\u00e4fer","image":{"@type":"ImageObject","inLanguage":"de","@id":"https:\/\/secure.gravatar.com\/avatar\/c9dbc77c241c0ea329f31ad98b1392c9c7b4fb1fbf40077095222984b27bf4ab?s=96&d=blank&r=g","url":"https:\/\/secure.gravatar.com\/avatar\/c9dbc77c241c0ea329f31ad98b1392c9c7b4fb1fbf40077095222984b27bf4ab?s=96&d=blank&r=g","contentUrl":"https:\/\/secure.gravatar.com\/avatar\/c9dbc77c241c0ea329f31ad98b1392c9c7b4fb1fbf40077095222984b27bf4ab?s=96&d=blank&r=g","caption":"Rainer Sch\u00e4fer"},"url":"https:\/\/rse-online.de"}]}},"_links":{"self":[{"href":"https:\/\/rse-online.de\/index.php?rest_route=\/wp\/v2\/posts\/10490","targetHints":{"allow":["GET"]}}],"collection":[{"href":"https:\/\/rse-online.de\/index.php?rest_route=\/wp\/v2\/posts"}],"about":[{"href":"https:\/\/rse-online.de\/index.php?rest_route=\/wp\/v2\/types\/post"}],"author":[{"embeddable":true,"href":"https:\/\/rse-online.de\/index.php?rest_route=\/wp\/v2\/users\/8"}],"replies":[{"embeddable":true,"href":"https:\/\/rse-online.de\/index.php?rest_route=%2Fwp%2Fv2%2Fcomments&post=10490"}],"version-history":[{"count":1,"href":"https:\/\/rse-online.de\/index.php?rest_route=\/wp\/v2\/posts\/10490\/revisions"}],"predecessor-version":[{"id":10495,"href":"https:\/\/rse-online.de\/index.php?rest_route=\/wp\/v2\/posts\/10490\/revisions\/10495"}],"wp:featuredmedia":[{"embeddable":true,"href":"https:\/\/rse-online.de\/index.php?rest_route=\/wp\/v2\/media\/10491"}],"wp:attachment":[{"href":"https:\/\/rse-online.de\/index.php?rest_route=%2Fwp%2Fv2%2Fmedia&parent=10490"}],"wp:term":[{"taxonomy":"category","embeddable":true,"href":"https:\/\/rse-online.de\/index.php?rest_route=%2Fwp%2Fv2%2Fcategories&post=10490"},{"taxonomy":"post_tag","embeddable":true,"href":"https:\/\/rse-online.de\/index.php?rest_route=%2Fwp%2Fv2%2Ftags&post=10490"}],"curies":[{"name":"wp","href":"https:\/\/api.w.org\/{rel}","templated":true}]}}