{"id":10486,"date":"2026-02-10T13:12:48","date_gmt":"2026-02-10T12:12:48","guid":{"rendered":"https:\/\/rse-online.de\/?p=10486"},"modified":"2026-02-10T13:23:07","modified_gmt":"2026-02-10T12:23:07","slug":"erasmus-in-prag-ein-kultureller-und-schulischer-austausch-mit-bleibenden-eindruecken","status":"publish","type":"post","link":"https:\/\/rse-online.de\/?p=10486","title":{"rendered":"Erasmus+ in Prag: Ein kultureller und schulischer Austausch mit bleibenden Eindr\u00fccken"},"content":{"rendered":"Vom 20. bis zum 23. Oktober 2024 hatten sechs Sch\u00fclerinnen der Staatlichen Realschule Elsenfeld die Gelegenheit, im Rahmen des Erasmus-Programms zusammen mit Frau Pummer und Frau Sommer nach Prag zu reisen. Ziel der Reise war ein interkultureller Austausch mit dem Gymn\u00e1zium Christiana Dopplera, einer Schule, die nicht nur einen ausgezeichneten Ruf genie\u00dft, sondern auch fu\u00dfl\u00e4ufig zur Prager Altstadt gelegen ist. Die Elsenfelder Gruppe wurde herzlich empfangen und konnte w\u00e4hrend der vier Tage viele wertvolle Erfahrungen sammeln.\r\n\r\nAm Gymn\u00e1zium Christiana Dopplera nahmen die Sch\u00fclerinnen an abwechslungsreichen Unterrichtsstunden teil, vor allem in den F\u00e4chern Englisch und Deutsch. Dort hatten sie die M\u00f6glichkeit, in einen intensiven Austausch mit den Prager Sch\u00fclerinnen und Sch\u00fclern zu treten. Die Elsenfelder Sch\u00fclerinnen pr\u00e4sentierten dabei auch ihre eigene Schule und gaben den Prager Sch\u00fclern einen Einblick in ihren Schulalltag. Diese Pr\u00e4sentation f\u00fchrte zu einer spannenden Diskussion \u00fcber Gemeinsamkeiten und Unterschiede der beiden Bildungssysteme. Trotz der Altersunterschiede zwischen den Sch\u00fclerinnen und Sch\u00fclern fand ein lebhafter Austausch statt, der sehr bereichernd f\u00fcr beide Seiten war. So lernten sowohl die deutschen als auch die tschechischen Sch\u00fclerinnen neue Sichtweisen kennen und verbesserten nebenbei ihre Sprachkenntnisse.\r\n\r\nAbseits des schulischen Programms wurde den Elsenfelder Sch\u00fclerinnen auch ein Einblick in die kulturelle Vielfalt Prags gew\u00e4hrt. Ein besonderes Highlight war der Besuch des historischen Kinos in der Lucerna-Passage, das als eines der \u00e4ltesten Kinos in Prag eine einzigartige Atmosph\u00e4re bot. Zudem unternahm die Gruppe gemeinsam mit Frau Pummer und Frau Sommer zahlreiche Erkundungen in der Stadt. Die Besichtigung der Prager Altstadt, eine Schifffahrt auf der Moldau, der Besuch unterhaltsamer Museen und die eindrucksvolle Prager Burg z\u00e4hlten zu den H\u00f6hepunkten des kulturellen Programms.\r\n\r\nDie Fahrt nach Prag war f\u00fcr die Sch\u00fclerinnen eine wunderbare Erfahrung, die sowohl ihre sozialen als auch ihre sprachlichen Kompetenzen f\u00f6rderte. Der Austausch und die gemeinsamen Erlebnisse haben die Gruppe nachhaltig gepr\u00e4gt und viele neue Eindr\u00fccke hinterlassen. \r\n\r\nUmso mehr freut sich die Elsenfelder Gruppe nun darauf, die Prager Sch\u00fclerinnen und Lehrkr\u00e4fte im n\u00e4chsten Jahr in Elsenfeld willkommen zu hei\u00dfen und ihnen einen ebenso herzlichen Empfang zu bereiten.\r\n\r\nLaura Pummer und Wendy Sommer\r\n\r\n<img loading=\"lazy\" decoding=\"async\" src=\"https:\/\/rse-online.de\/wp-content\/uploads\/2026\/02\/542f717f-75d7-4525-8369-133c667f5740-533x400.jpg\" alt=\"\" width=\"533\" height=\"400\" class=\"alignnone size-medium wp-image-10487\" srcset=\"https:\/\/rse-online.de\/wp-content\/uploads\/2026\/02\/542f717f-75d7-4525-8369-133c667f5740-533x400.jpg 533w, https:\/\/rse-online.de\/wp-content\/uploads\/2026\/02\/542f717f-75d7-4525-8369-133c667f5740-1365x1024.jpg 1365w, https:\/\/rse-online.de\/wp-content\/uploads\/2026\/02\/542f717f-75d7-4525-8369-133c667f5740-768x576.jpg 768w, https:\/\/rse-online.de\/wp-content\/uploads\/2026\/02\/542f717f-75d7-4525-8369-133c667f5740-1536x1152.jpg 1536w, https:\/\/rse-online.de\/wp-content\/uploads\/2026\/02\/542f717f-75d7-4525-8369-133c667f5740-2048x1536.jpg 2048w\" sizes=\"auto, (max-width: 533px) 100vw, 533px\" \/>\r\n","protected":false},"excerpt":{"rendered":"<p>Vom 20. bis zum 23. Oktober 2024 hatten sechs Sch\u00fclerinnen der Staatlichen Realschule Elsenfeld die Gelegenheit, im Rahmen des Erasmus-Programms zusammen mit Frau Pummer und Frau Sommer nach Prag zu reisen. Ziel der Reise war ein interkultureller Austausch mit dem Gymn\u00e1zium Christiana Dopplera, einer Schule, die nicht nur einen ausgezeichneten Ruf genie\u00dft, sondern auch fu\u00dfl\u00e4ufig [&hellip;]<\/p>\n","protected":false},"author":8,"featured_media":10488,"comment_status":"closed","ping_status":"closed","sticky":false,"template":"","format":"standard","meta":{"footnotes":""},"categories":[99],"tags":[],"class_list":["post-10486","post","type-post","status-publish","format-standard","has-post-thumbnail","hentry","category-erasmus"],"yoast_head":"<!-- This site is optimized with the Yoast SEO plugin v27.4 - https:\/\/yoast.com\/product\/yoast-seo-wordpress\/ -->\n<title>Erasmus+ in Prag: Ein kultureller und schulischer Austausch mit bleibenden Eindr\u00fccken - Staatliche Realschule Elsenfeld<\/title>\n<meta name=\"robots\" content=\"index, follow, max-snippet:-1, max-image-preview:large, max-video-preview:-1\" \/>\n<link rel=\"canonical\" href=\"https:\/\/rse-online.de\/?p=10486\" \/>\n<meta property=\"og:locale\" content=\"de_DE\" \/>\n<meta property=\"og:type\" content=\"article\" \/>\n<meta property=\"og:title\" content=\"Erasmus+ in Prag: Ein kultureller und schulischer Austausch mit bleibenden Eindr\u00fccken - Staatliche Realschule Elsenfeld\" \/>\n<meta property=\"og:description\" content=\"Vom 20. bis zum 23. Oktober 2024 hatten sechs Sch\u00fclerinnen der Staatlichen Realschule Elsenfeld die Gelegenheit, im Rahmen des Erasmus-Programms zusammen mit Frau Pummer und Frau Sommer nach Prag zu reisen. Ziel der Reise war ein interkultureller Austausch mit dem Gymn\u00e1zium Christiana Dopplera, einer Schule, die nicht nur einen ausgezeichneten Ruf genie\u00dft, sondern auch fu\u00dfl\u00e4ufig [&hellip;]\" \/>\n<meta property=\"og:url\" content=\"https:\/\/rse-online.de\/?p=10486\" \/>\n<meta property=\"og:site_name\" content=\"Staatliche Realschule Elsenfeld\" \/>\n<meta property=\"article:published_time\" content=\"2026-02-10T12:12:48+00:00\" \/>\n<meta property=\"article:modified_time\" content=\"2026-02-10T12:23:07+00:00\" \/>\n<meta property=\"og:image\" content=\"https:\/\/rse-online.de\/wp-content\/uploads\/2026\/02\/542f717f-75d7-4525-8369-133c667f5740-1-scaled.jpg\" \/>\n\t<meta property=\"og:image:width\" content=\"2560\" \/>\n\t<meta property=\"og:image:height\" content=\"1920\" \/>\n\t<meta property=\"og:image:type\" content=\"image\/jpeg\" \/>\n<meta name=\"author\" content=\"Rainer Sch\u00e4fer\" \/>\n<meta name=\"twitter:card\" content=\"summary_large_image\" \/>\n<meta name=\"twitter:label1\" content=\"Verfasst von\" \/>\n\t<meta name=\"twitter:data1\" content=\"Rainer Sch\u00e4fer\" \/>\n\t<meta name=\"twitter:label2\" content=\"Gesch\u00e4tzte Lesezeit\" \/>\n\t<meta name=\"twitter:data2\" content=\"3\u00a0Minuten\" \/>\n<script type=\"application\/ld+json\" class=\"yoast-schema-graph\">{\"@context\":\"https:\\\/\\\/schema.org\",\"@graph\":[{\"@type\":\"Article\",\"@id\":\"https:\\\/\\\/rse-online.de\\\/?p=10486#article\",\"isPartOf\":{\"@id\":\"https:\\\/\\\/rse-online.de\\\/?p=10486\"},\"author\":{\"name\":\"Rainer Sch\u00e4fer\",\"@id\":\"https:\\\/\\\/rse-online.de\\\/#\\\/schema\\\/person\\\/d29a8bdc6fb643da580cb2367e38b3ef\"},\"headline\":\"Erasmus+ in Prag: Ein kultureller und schulischer Austausch mit bleibenden Eindr\u00fccken\",\"datePublished\":\"2026-02-10T12:12:48+00:00\",\"dateModified\":\"2026-02-10T12:23:07+00:00\",\"mainEntityOfPage\":{\"@id\":\"https:\\\/\\\/rse-online.de\\\/?p=10486\"},\"wordCount\":382,\"image\":{\"@id\":\"https:\\\/\\\/rse-online.de\\\/?p=10486#primaryimage\"},\"thumbnailUrl\":\"https:\\\/\\\/rse-online.de\\\/wp-content\\\/uploads\\\/2026\\\/02\\\/542f717f-75d7-4525-8369-133c667f5740-1-scaled.jpg\",\"articleSection\":[\"Erasmus\"],\"inLanguage\":\"de\"},{\"@type\":\"WebPage\",\"@id\":\"https:\\\/\\\/rse-online.de\\\/?p=10486\",\"url\":\"https:\\\/\\\/rse-online.de\\\/?p=10486\",\"name\":\"Erasmus+ in Prag: Ein kultureller und schulischer Austausch mit bleibenden Eindr\u00fccken - Staatliche Realschule Elsenfeld\",\"isPartOf\":{\"@id\":\"https:\\\/\\\/rse-online.de\\\/#website\"},\"primaryImageOfPage\":{\"@id\":\"https:\\\/\\\/rse-online.de\\\/?p=10486#primaryimage\"},\"image\":{\"@id\":\"https:\\\/\\\/rse-online.de\\\/?p=10486#primaryimage\"},\"thumbnailUrl\":\"https:\\\/\\\/rse-online.de\\\/wp-content\\\/uploads\\\/2026\\\/02\\\/542f717f-75d7-4525-8369-133c667f5740-1-scaled.jpg\",\"datePublished\":\"2026-02-10T12:12:48+00:00\",\"dateModified\":\"2026-02-10T12:23:07+00:00\",\"author\":{\"@id\":\"https:\\\/\\\/rse-online.de\\\/#\\\/schema\\\/person\\\/d29a8bdc6fb643da580cb2367e38b3ef\"},\"breadcrumb\":{\"@id\":\"https:\\\/\\\/rse-online.de\\\/?p=10486#breadcrumb\"},\"inLanguage\":\"de\",\"potentialAction\":[{\"@type\":\"ReadAction\",\"target\":[\"https:\\\/\\\/rse-online.de\\\/?p=10486\"]}]},{\"@type\":\"ImageObject\",\"inLanguage\":\"de\",\"@id\":\"https:\\\/\\\/rse-online.de\\\/?p=10486#primaryimage\",\"url\":\"https:\\\/\\\/rse-online.de\\\/wp-content\\\/uploads\\\/2026\\\/02\\\/542f717f-75d7-4525-8369-133c667f5740-1-scaled.jpg\",\"contentUrl\":\"https:\\\/\\\/rse-online.de\\\/wp-content\\\/uploads\\\/2026\\\/02\\\/542f717f-75d7-4525-8369-133c667f5740-1-scaled.jpg\",\"width\":2560,\"height\":1920},{\"@type\":\"BreadcrumbList\",\"@id\":\"https:\\\/\\\/rse-online.de\\\/?p=10486#breadcrumb\",\"itemListElement\":[{\"@type\":\"ListItem\",\"position\":1,\"name\":\"Start\",\"item\":\"https:\\\/\\\/rse-online.de\\\/\"},{\"@type\":\"ListItem\",\"position\":2,\"name\":\"Erasmus+ in Prag: Ein kultureller und schulischer Austausch mit bleibenden Eindr\u00fccken\"}]},{\"@type\":\"WebSite\",\"@id\":\"https:\\\/\\\/rse-online.de\\\/#website\",\"url\":\"https:\\\/\\\/rse-online.de\\\/\",\"name\":\"Staatliche Realschule Elsenfeld\",\"description\":\"\",\"potentialAction\":[{\"@type\":\"SearchAction\",\"target\":{\"@type\":\"EntryPoint\",\"urlTemplate\":\"https:\\\/\\\/rse-online.de\\\/?s={search_term_string}\"},\"query-input\":{\"@type\":\"PropertyValueSpecification\",\"valueRequired\":true,\"valueName\":\"search_term_string\"}}],\"inLanguage\":\"de\"},{\"@type\":\"Person\",\"@id\":\"https:\\\/\\\/rse-online.de\\\/#\\\/schema\\\/person\\\/d29a8bdc6fb643da580cb2367e38b3ef\",\"name\":\"Rainer Sch\u00e4fer\",\"image\":{\"@type\":\"ImageObject\",\"inLanguage\":\"de\",\"@id\":\"https:\\\/\\\/secure.gravatar.com\\\/avatar\\\/c9dbc77c241c0ea329f31ad98b1392c9c7b4fb1fbf40077095222984b27bf4ab?s=96&d=blank&r=g\",\"url\":\"https:\\\/\\\/secure.gravatar.com\\\/avatar\\\/c9dbc77c241c0ea329f31ad98b1392c9c7b4fb1fbf40077095222984b27bf4ab?s=96&d=blank&r=g\",\"contentUrl\":\"https:\\\/\\\/secure.gravatar.com\\\/avatar\\\/c9dbc77c241c0ea329f31ad98b1392c9c7b4fb1fbf40077095222984b27bf4ab?s=96&d=blank&r=g\",\"caption\":\"Rainer Sch\u00e4fer\"},\"url\":\"https:\\\/\\\/rse-online.de\"}]}<\/script>\n<!-- \/ Yoast SEO plugin. -->","yoast_head_json":{"title":"Erasmus+ in Prag: Ein kultureller und schulischer Austausch mit bleibenden Eindr\u00fccken - Staatliche Realschule Elsenfeld","robots":{"index":"index","follow":"follow","max-snippet":"max-snippet:-1","max-image-preview":"max-image-preview:large","max-video-preview":"max-video-preview:-1"},"canonical":"https:\/\/rse-online.de\/?p=10486","og_locale":"de_DE","og_type":"article","og_title":"Erasmus+ in Prag: Ein kultureller und schulischer Austausch mit bleibenden Eindr\u00fccken - Staatliche Realschule Elsenfeld","og_description":"Vom 20. bis zum 23. Oktober 2024 hatten sechs Sch\u00fclerinnen der Staatlichen Realschule Elsenfeld die Gelegenheit, im Rahmen des Erasmus-Programms zusammen mit Frau Pummer und Frau Sommer nach Prag zu reisen. Ziel der Reise war ein interkultureller Austausch mit dem Gymn\u00e1zium Christiana Dopplera, einer Schule, die nicht nur einen ausgezeichneten Ruf genie\u00dft, sondern auch fu\u00dfl\u00e4ufig [&hellip;]","og_url":"https:\/\/rse-online.de\/?p=10486","og_site_name":"Staatliche Realschule Elsenfeld","article_published_time":"2026-02-10T12:12:48+00:00","article_modified_time":"2026-02-10T12:23:07+00:00","og_image":[{"width":2560,"height":1920,"url":"https:\/\/rse-online.de\/wp-content\/uploads\/2026\/02\/542f717f-75d7-4525-8369-133c667f5740-1-scaled.jpg","type":"image\/jpeg"}],"author":"Rainer Sch\u00e4fer","twitter_card":"summary_large_image","twitter_misc":{"Verfasst von":"Rainer Sch\u00e4fer","Gesch\u00e4tzte Lesezeit":"3\u00a0Minuten"},"schema":{"@context":"https:\/\/schema.org","@graph":[{"@type":"Article","@id":"https:\/\/rse-online.de\/?p=10486#article","isPartOf":{"@id":"https:\/\/rse-online.de\/?p=10486"},"author":{"name":"Rainer Sch\u00e4fer","@id":"https:\/\/rse-online.de\/#\/schema\/person\/d29a8bdc6fb643da580cb2367e38b3ef"},"headline":"Erasmus+ in Prag: Ein kultureller und schulischer Austausch mit bleibenden Eindr\u00fccken","datePublished":"2026-02-10T12:12:48+00:00","dateModified":"2026-02-10T12:23:07+00:00","mainEntityOfPage":{"@id":"https:\/\/rse-online.de\/?p=10486"},"wordCount":382,"image":{"@id":"https:\/\/rse-online.de\/?p=10486#primaryimage"},"thumbnailUrl":"https:\/\/rse-online.de\/wp-content\/uploads\/2026\/02\/542f717f-75d7-4525-8369-133c667f5740-1-scaled.jpg","articleSection":["Erasmus"],"inLanguage":"de"},{"@type":"WebPage","@id":"https:\/\/rse-online.de\/?p=10486","url":"https:\/\/rse-online.de\/?p=10486","name":"Erasmus+ in Prag: Ein kultureller und schulischer Austausch mit bleibenden Eindr\u00fccken - Staatliche Realschule Elsenfeld","isPartOf":{"@id":"https:\/\/rse-online.de\/#website"},"primaryImageOfPage":{"@id":"https:\/\/rse-online.de\/?p=10486#primaryimage"},"image":{"@id":"https:\/\/rse-online.de\/?p=10486#primaryimage"},"thumbnailUrl":"https:\/\/rse-online.de\/wp-content\/uploads\/2026\/02\/542f717f-75d7-4525-8369-133c667f5740-1-scaled.jpg","datePublished":"2026-02-10T12:12:48+00:00","dateModified":"2026-02-10T12:23:07+00:00","author":{"@id":"https:\/\/rse-online.de\/#\/schema\/person\/d29a8bdc6fb643da580cb2367e38b3ef"},"breadcrumb":{"@id":"https:\/\/rse-online.de\/?p=10486#breadcrumb"},"inLanguage":"de","potentialAction":[{"@type":"ReadAction","target":["https:\/\/rse-online.de\/?p=10486"]}]},{"@type":"ImageObject","inLanguage":"de","@id":"https:\/\/rse-online.de\/?p=10486#primaryimage","url":"https:\/\/rse-online.de\/wp-content\/uploads\/2026\/02\/542f717f-75d7-4525-8369-133c667f5740-1-scaled.jpg","contentUrl":"https:\/\/rse-online.de\/wp-content\/uploads\/2026\/02\/542f717f-75d7-4525-8369-133c667f5740-1-scaled.jpg","width":2560,"height":1920},{"@type":"BreadcrumbList","@id":"https:\/\/rse-online.de\/?p=10486#breadcrumb","itemListElement":[{"@type":"ListItem","position":1,"name":"Start","item":"https:\/\/rse-online.de\/"},{"@type":"ListItem","position":2,"name":"Erasmus+ in Prag: Ein kultureller und schulischer Austausch mit bleibenden Eindr\u00fccken"}]},{"@type":"WebSite","@id":"https:\/\/rse-online.de\/#website","url":"https:\/\/rse-online.de\/","name":"Staatliche Realschule Elsenfeld","description":"","potentialAction":[{"@type":"SearchAction","target":{"@type":"EntryPoint","urlTemplate":"https:\/\/rse-online.de\/?s={search_term_string}"},"query-input":{"@type":"PropertyValueSpecification","valueRequired":true,"valueName":"search_term_string"}}],"inLanguage":"de"},{"@type":"Person","@id":"https:\/\/rse-online.de\/#\/schema\/person\/d29a8bdc6fb643da580cb2367e38b3ef","name":"Rainer Sch\u00e4fer","image":{"@type":"ImageObject","inLanguage":"de","@id":"https:\/\/secure.gravatar.com\/avatar\/c9dbc77c241c0ea329f31ad98b1392c9c7b4fb1fbf40077095222984b27bf4ab?s=96&d=blank&r=g","url":"https:\/\/secure.gravatar.com\/avatar\/c9dbc77c241c0ea329f31ad98b1392c9c7b4fb1fbf40077095222984b27bf4ab?s=96&d=blank&r=g","contentUrl":"https:\/\/secure.gravatar.com\/avatar\/c9dbc77c241c0ea329f31ad98b1392c9c7b4fb1fbf40077095222984b27bf4ab?s=96&d=blank&r=g","caption":"Rainer Sch\u00e4fer"},"url":"https:\/\/rse-online.de"}]}},"_links":{"self":[{"href":"https:\/\/rse-online.de\/index.php?rest_route=\/wp\/v2\/posts\/10486","targetHints":{"allow":["GET"]}}],"collection":[{"href":"https:\/\/rse-online.de\/index.php?rest_route=\/wp\/v2\/posts"}],"about":[{"href":"https:\/\/rse-online.de\/index.php?rest_route=\/wp\/v2\/types\/post"}],"author":[{"embeddable":true,"href":"https:\/\/rse-online.de\/index.php?rest_route=\/wp\/v2\/users\/8"}],"replies":[{"embeddable":true,"href":"https:\/\/rse-online.de\/index.php?rest_route=%2Fwp%2Fv2%2Fcomments&post=10486"}],"version-history":[{"count":1,"href":"https:\/\/rse-online.de\/index.php?rest_route=\/wp\/v2\/posts\/10486\/revisions"}],"predecessor-version":[{"id":10489,"href":"https:\/\/rse-online.de\/index.php?rest_route=\/wp\/v2\/posts\/10486\/revisions\/10489"}],"wp:featuredmedia":[{"embeddable":true,"href":"https:\/\/rse-online.de\/index.php?rest_route=\/wp\/v2\/media\/10488"}],"wp:attachment":[{"href":"https:\/\/rse-online.de\/index.php?rest_route=%2Fwp%2Fv2%2Fmedia&parent=10486"}],"wp:term":[{"taxonomy":"category","embeddable":true,"href":"https:\/\/rse-online.de\/index.php?rest_route=%2Fwp%2Fv2%2Fcategories&post=10486"},{"taxonomy":"post_tag","embeddable":true,"href":"https:\/\/rse-online.de\/index.php?rest_route=%2Fwp%2Fv2%2Ftags&post=10486"}],"curies":[{"name":"wp","href":"https:\/\/api.w.org\/{rel}","templated":true}]}}