{"id":10474,"date":"2026-02-10T12:59:27","date_gmt":"2026-02-10T11:59:27","guid":{"rendered":"https:\/\/rse-online.de\/?p=10474"},"modified":"2026-02-10T12:59:27","modified_gmt":"2026-02-10T11:59:27","slug":"erasmus-projekte-an-der-realschule-elsenfeld","status":"publish","type":"post","link":"https:\/\/rse-online.de\/?p=10474","title":{"rendered":"Erasmus-Projekte an der Realschule Elsenfeld"},"content":{"rendered":"Seit 2023 nimmt die RSE an Kurzzeitprojekten teil, f\u00fcr die wir uns regelm\u00e4\u00dfig bewerben. Dabei besuchen wir sich Lehrkr\u00e4fte sowie Sch\u00fclerinnen und Sch\u00fcler gegenseitig, was nat\u00fcrlich den europ\u00e4ischen Austausch voranbringen soll. Wir m\u00f6chten damit die sprachlichen, kulturellen, sozialen und nachhaltigen Kompetenzen der Kinder und Jugendlichen an unserer Schule f\u00f6rdern und die Begeisterung f\u00fcr den Europa-Gedanken weiterhin ausbauen. \r\nUnsere Schulkontakte sind derzeit:\r\nMonza, Prag, Zypern, Portugal, Wavrin\u2026\r\nDie Teilnahme an diesen Austausch-Projekten ist f\u00fcr die Sch\u00fcler in der Regel kostenfrei, das bedeutet die Fahrt- und Unterbringungskosten sind gedeckt oder laut Zitat von der Erasmus+-Seite:\r\n\u201eSch\u00fcleraustausch und Sch\u00fclerpraktika in Europa werden mit Erasmus+ bezahlbar. Lehrkr\u00e4fte oder Mitarbeiterinnen und Mitarbeiter von Einrichtungen, die in der Schulbildung t\u00e4tig sind, k\u00f6nnen Fortbildungen im Ausland besuchen oder an Partnereinrichtungen hospitieren. Erzieherinnen und Erzieher k\u00f6nnen Kitas im Ausland kennenlernen, sich fortbilden und mit ihren europ\u00e4ischen Kolleginnen und Kollegen austauschen.\u201c\r\nNa dann Auf geht\u2019s oder Let&#8217;s go, Allons-y, \u0388\u03bb\u03b1 (ela), Dai, Vamos, V\u00e1 l\u00e1, No tak \u2026 !\r\n\r\nRainer Sch\u00e4fer","protected":false},"excerpt":{"rendered":"<p>Seit 2023 nimmt die RSE an Kurzzeitprojekten teil, f\u00fcr die wir uns regelm\u00e4\u00dfig bewerben. Dabei besuchen wir sich Lehrkr\u00e4fte sowie Sch\u00fclerinnen und Sch\u00fcler gegenseitig, was nat\u00fcrlich den europ\u00e4ischen Austausch voranbringen soll. Wir m\u00f6chten damit die sprachlichen, kulturellen, sozialen und nachhaltigen Kompetenzen der Kinder und Jugendlichen an unserer Schule f\u00f6rdern und die Begeisterung f\u00fcr den Europa-Gedanken [&hellip;]<\/p>\n","protected":false},"author":8,"featured_media":9727,"comment_status":"closed","ping_status":"closed","sticky":false,"template":"","format":"standard","meta":{"footnotes":""},"categories":[99],"tags":[],"class_list":["post-10474","post","type-post","status-publish","format-standard","has-post-thumbnail","hentry","category-erasmus"],"yoast_head":"<!-- This site is optimized with the Yoast SEO plugin v27.4 - https:\/\/yoast.com\/product\/yoast-seo-wordpress\/ -->\n<title>Erasmus-Projekte an der Realschule Elsenfeld - Staatliche Realschule Elsenfeld<\/title>\n<meta name=\"robots\" content=\"index, follow, max-snippet:-1, max-image-preview:large, max-video-preview:-1\" \/>\n<link rel=\"canonical\" href=\"https:\/\/rse-online.de\/?p=10474\" \/>\n<meta property=\"og:locale\" content=\"de_DE\" \/>\n<meta property=\"og:type\" content=\"article\" \/>\n<meta property=\"og:title\" content=\"Erasmus-Projekte an der Realschule Elsenfeld - Staatliche Realschule Elsenfeld\" \/>\n<meta property=\"og:description\" content=\"Seit 2023 nimmt die RSE an Kurzzeitprojekten teil, f\u00fcr die wir uns regelm\u00e4\u00dfig bewerben. Dabei besuchen wir sich Lehrkr\u00e4fte sowie Sch\u00fclerinnen und Sch\u00fcler gegenseitig, was nat\u00fcrlich den europ\u00e4ischen Austausch voranbringen soll. Wir m\u00f6chten damit die sprachlichen, kulturellen, sozialen und nachhaltigen Kompetenzen der Kinder und Jugendlichen an unserer Schule f\u00f6rdern und die Begeisterung f\u00fcr den Europa-Gedanken [&hellip;]\" \/>\n<meta property=\"og:url\" content=\"https:\/\/rse-online.de\/?p=10474\" \/>\n<meta property=\"og:site_name\" content=\"Staatliche Realschule Elsenfeld\" \/>\n<meta property=\"article:published_time\" content=\"2026-02-10T11:59:27+00:00\" \/>\n<meta property=\"og:image\" content=\"https:\/\/rse-online.de\/wp-content\/uploads\/2024\/01\/Besuch-aus-Prag1.jpg\" \/>\n\t<meta property=\"og:image:width\" content=\"1024\" \/>\n\t<meta property=\"og:image:height\" content=\"627\" \/>\n\t<meta property=\"og:image:type\" content=\"image\/jpeg\" \/>\n<meta name=\"author\" content=\"Rainer Sch\u00e4fer\" \/>\n<meta name=\"twitter:card\" content=\"summary_large_image\" \/>\n<meta name=\"twitter:label1\" content=\"Verfasst von\" \/>\n\t<meta name=\"twitter:data1\" content=\"Rainer Sch\u00e4fer\" \/>\n\t<meta name=\"twitter:label2\" content=\"Gesch\u00e4tzte Lesezeit\" \/>\n\t<meta name=\"twitter:data2\" content=\"1\u00a0Minute\" \/>\n<script type=\"application\/ld+json\" class=\"yoast-schema-graph\">{\"@context\":\"https:\\\/\\\/schema.org\",\"@graph\":[{\"@type\":\"Article\",\"@id\":\"https:\\\/\\\/rse-online.de\\\/?p=10474#article\",\"isPartOf\":{\"@id\":\"https:\\\/\\\/rse-online.de\\\/?p=10474\"},\"author\":{\"name\":\"Rainer Sch\u00e4fer\",\"@id\":\"https:\\\/\\\/rse-online.de\\\/#\\\/schema\\\/person\\\/d29a8bdc6fb643da580cb2367e38b3ef\"},\"headline\":\"Erasmus-Projekte an der Realschule Elsenfeld\",\"datePublished\":\"2026-02-10T11:59:27+00:00\",\"mainEntityOfPage\":{\"@id\":\"https:\\\/\\\/rse-online.de\\\/?p=10474\"},\"wordCount\":186,\"image\":{\"@id\":\"https:\\\/\\\/rse-online.de\\\/?p=10474#primaryimage\"},\"thumbnailUrl\":\"https:\\\/\\\/rse-online.de\\\/wp-content\\\/uploads\\\/2024\\\/01\\\/Besuch-aus-Prag1.jpg\",\"articleSection\":[\"Erasmus\"],\"inLanguage\":\"de\"},{\"@type\":\"WebPage\",\"@id\":\"https:\\\/\\\/rse-online.de\\\/?p=10474\",\"url\":\"https:\\\/\\\/rse-online.de\\\/?p=10474\",\"name\":\"Erasmus-Projekte an der Realschule Elsenfeld - Staatliche Realschule Elsenfeld\",\"isPartOf\":{\"@id\":\"https:\\\/\\\/rse-online.de\\\/#website\"},\"primaryImageOfPage\":{\"@id\":\"https:\\\/\\\/rse-online.de\\\/?p=10474#primaryimage\"},\"image\":{\"@id\":\"https:\\\/\\\/rse-online.de\\\/?p=10474#primaryimage\"},\"thumbnailUrl\":\"https:\\\/\\\/rse-online.de\\\/wp-content\\\/uploads\\\/2024\\\/01\\\/Besuch-aus-Prag1.jpg\",\"datePublished\":\"2026-02-10T11:59:27+00:00\",\"author\":{\"@id\":\"https:\\\/\\\/rse-online.de\\\/#\\\/schema\\\/person\\\/d29a8bdc6fb643da580cb2367e38b3ef\"},\"breadcrumb\":{\"@id\":\"https:\\\/\\\/rse-online.de\\\/?p=10474#breadcrumb\"},\"inLanguage\":\"de\",\"potentialAction\":[{\"@type\":\"ReadAction\",\"target\":[\"https:\\\/\\\/rse-online.de\\\/?p=10474\"]}]},{\"@type\":\"ImageObject\",\"inLanguage\":\"de\",\"@id\":\"https:\\\/\\\/rse-online.de\\\/?p=10474#primaryimage\",\"url\":\"https:\\\/\\\/rse-online.de\\\/wp-content\\\/uploads\\\/2024\\\/01\\\/Besuch-aus-Prag1.jpg\",\"contentUrl\":\"https:\\\/\\\/rse-online.de\\\/wp-content\\\/uploads\\\/2024\\\/01\\\/Besuch-aus-Prag1.jpg\",\"width\":1024,\"height\":627},{\"@type\":\"BreadcrumbList\",\"@id\":\"https:\\\/\\\/rse-online.de\\\/?p=10474#breadcrumb\",\"itemListElement\":[{\"@type\":\"ListItem\",\"position\":1,\"name\":\"Start\",\"item\":\"https:\\\/\\\/rse-online.de\\\/\"},{\"@type\":\"ListItem\",\"position\":2,\"name\":\"Erasmus-Projekte an der Realschule Elsenfeld\"}]},{\"@type\":\"WebSite\",\"@id\":\"https:\\\/\\\/rse-online.de\\\/#website\",\"url\":\"https:\\\/\\\/rse-online.de\\\/\",\"name\":\"Staatliche Realschule Elsenfeld\",\"description\":\"\",\"potentialAction\":[{\"@type\":\"SearchAction\",\"target\":{\"@type\":\"EntryPoint\",\"urlTemplate\":\"https:\\\/\\\/rse-online.de\\\/?s={search_term_string}\"},\"query-input\":{\"@type\":\"PropertyValueSpecification\",\"valueRequired\":true,\"valueName\":\"search_term_string\"}}],\"inLanguage\":\"de\"},{\"@type\":\"Person\",\"@id\":\"https:\\\/\\\/rse-online.de\\\/#\\\/schema\\\/person\\\/d29a8bdc6fb643da580cb2367e38b3ef\",\"name\":\"Rainer Sch\u00e4fer\",\"image\":{\"@type\":\"ImageObject\",\"inLanguage\":\"de\",\"@id\":\"https:\\\/\\\/secure.gravatar.com\\\/avatar\\\/c9dbc77c241c0ea329f31ad98b1392c9c7b4fb1fbf40077095222984b27bf4ab?s=96&d=blank&r=g\",\"url\":\"https:\\\/\\\/secure.gravatar.com\\\/avatar\\\/c9dbc77c241c0ea329f31ad98b1392c9c7b4fb1fbf40077095222984b27bf4ab?s=96&d=blank&r=g\",\"contentUrl\":\"https:\\\/\\\/secure.gravatar.com\\\/avatar\\\/c9dbc77c241c0ea329f31ad98b1392c9c7b4fb1fbf40077095222984b27bf4ab?s=96&d=blank&r=g\",\"caption\":\"Rainer Sch\u00e4fer\"},\"url\":\"https:\\\/\\\/rse-online.de\"}]}<\/script>\n<!-- \/ Yoast SEO plugin. -->","yoast_head_json":{"title":"Erasmus-Projekte an der Realschule Elsenfeld - Staatliche Realschule Elsenfeld","robots":{"index":"index","follow":"follow","max-snippet":"max-snippet:-1","max-image-preview":"max-image-preview:large","max-video-preview":"max-video-preview:-1"},"canonical":"https:\/\/rse-online.de\/?p=10474","og_locale":"de_DE","og_type":"article","og_title":"Erasmus-Projekte an der Realschule Elsenfeld - Staatliche Realschule Elsenfeld","og_description":"Seit 2023 nimmt die RSE an Kurzzeitprojekten teil, f\u00fcr die wir uns regelm\u00e4\u00dfig bewerben. Dabei besuchen wir sich Lehrkr\u00e4fte sowie Sch\u00fclerinnen und Sch\u00fcler gegenseitig, was nat\u00fcrlich den europ\u00e4ischen Austausch voranbringen soll. Wir m\u00f6chten damit die sprachlichen, kulturellen, sozialen und nachhaltigen Kompetenzen der Kinder und Jugendlichen an unserer Schule f\u00f6rdern und die Begeisterung f\u00fcr den Europa-Gedanken [&hellip;]","og_url":"https:\/\/rse-online.de\/?p=10474","og_site_name":"Staatliche Realschule Elsenfeld","article_published_time":"2026-02-10T11:59:27+00:00","og_image":[{"width":1024,"height":627,"url":"https:\/\/rse-online.de\/wp-content\/uploads\/2024\/01\/Besuch-aus-Prag1.jpg","type":"image\/jpeg"}],"author":"Rainer Sch\u00e4fer","twitter_card":"summary_large_image","twitter_misc":{"Verfasst von":"Rainer Sch\u00e4fer","Gesch\u00e4tzte Lesezeit":"1\u00a0Minute"},"schema":{"@context":"https:\/\/schema.org","@graph":[{"@type":"Article","@id":"https:\/\/rse-online.de\/?p=10474#article","isPartOf":{"@id":"https:\/\/rse-online.de\/?p=10474"},"author":{"name":"Rainer Sch\u00e4fer","@id":"https:\/\/rse-online.de\/#\/schema\/person\/d29a8bdc6fb643da580cb2367e38b3ef"},"headline":"Erasmus-Projekte an der Realschule Elsenfeld","datePublished":"2026-02-10T11:59:27+00:00","mainEntityOfPage":{"@id":"https:\/\/rse-online.de\/?p=10474"},"wordCount":186,"image":{"@id":"https:\/\/rse-online.de\/?p=10474#primaryimage"},"thumbnailUrl":"https:\/\/rse-online.de\/wp-content\/uploads\/2024\/01\/Besuch-aus-Prag1.jpg","articleSection":["Erasmus"],"inLanguage":"de"},{"@type":"WebPage","@id":"https:\/\/rse-online.de\/?p=10474","url":"https:\/\/rse-online.de\/?p=10474","name":"Erasmus-Projekte an der Realschule Elsenfeld - Staatliche Realschule Elsenfeld","isPartOf":{"@id":"https:\/\/rse-online.de\/#website"},"primaryImageOfPage":{"@id":"https:\/\/rse-online.de\/?p=10474#primaryimage"},"image":{"@id":"https:\/\/rse-online.de\/?p=10474#primaryimage"},"thumbnailUrl":"https:\/\/rse-online.de\/wp-content\/uploads\/2024\/01\/Besuch-aus-Prag1.jpg","datePublished":"2026-02-10T11:59:27+00:00","author":{"@id":"https:\/\/rse-online.de\/#\/schema\/person\/d29a8bdc6fb643da580cb2367e38b3ef"},"breadcrumb":{"@id":"https:\/\/rse-online.de\/?p=10474#breadcrumb"},"inLanguage":"de","potentialAction":[{"@type":"ReadAction","target":["https:\/\/rse-online.de\/?p=10474"]}]},{"@type":"ImageObject","inLanguage":"de","@id":"https:\/\/rse-online.de\/?p=10474#primaryimage","url":"https:\/\/rse-online.de\/wp-content\/uploads\/2024\/01\/Besuch-aus-Prag1.jpg","contentUrl":"https:\/\/rse-online.de\/wp-content\/uploads\/2024\/01\/Besuch-aus-Prag1.jpg","width":1024,"height":627},{"@type":"BreadcrumbList","@id":"https:\/\/rse-online.de\/?p=10474#breadcrumb","itemListElement":[{"@type":"ListItem","position":1,"name":"Start","item":"https:\/\/rse-online.de\/"},{"@type":"ListItem","position":2,"name":"Erasmus-Projekte an der Realschule Elsenfeld"}]},{"@type":"WebSite","@id":"https:\/\/rse-online.de\/#website","url":"https:\/\/rse-online.de\/","name":"Staatliche Realschule Elsenfeld","description":"","potentialAction":[{"@type":"SearchAction","target":{"@type":"EntryPoint","urlTemplate":"https:\/\/rse-online.de\/?s={search_term_string}"},"query-input":{"@type":"PropertyValueSpecification","valueRequired":true,"valueName":"search_term_string"}}],"inLanguage":"de"},{"@type":"Person","@id":"https:\/\/rse-online.de\/#\/schema\/person\/d29a8bdc6fb643da580cb2367e38b3ef","name":"Rainer Sch\u00e4fer","image":{"@type":"ImageObject","inLanguage":"de","@id":"https:\/\/secure.gravatar.com\/avatar\/c9dbc77c241c0ea329f31ad98b1392c9c7b4fb1fbf40077095222984b27bf4ab?s=96&d=blank&r=g","url":"https:\/\/secure.gravatar.com\/avatar\/c9dbc77c241c0ea329f31ad98b1392c9c7b4fb1fbf40077095222984b27bf4ab?s=96&d=blank&r=g","contentUrl":"https:\/\/secure.gravatar.com\/avatar\/c9dbc77c241c0ea329f31ad98b1392c9c7b4fb1fbf40077095222984b27bf4ab?s=96&d=blank&r=g","caption":"Rainer Sch\u00e4fer"},"url":"https:\/\/rse-online.de"}]}},"_links":{"self":[{"href":"https:\/\/rse-online.de\/index.php?rest_route=\/wp\/v2\/posts\/10474","targetHints":{"allow":["GET"]}}],"collection":[{"href":"https:\/\/rse-online.de\/index.php?rest_route=\/wp\/v2\/posts"}],"about":[{"href":"https:\/\/rse-online.de\/index.php?rest_route=\/wp\/v2\/types\/post"}],"author":[{"embeddable":true,"href":"https:\/\/rse-online.de\/index.php?rest_route=\/wp\/v2\/users\/8"}],"replies":[{"embeddable":true,"href":"https:\/\/rse-online.de\/index.php?rest_route=%2Fwp%2Fv2%2Fcomments&post=10474"}],"version-history":[{"count":1,"href":"https:\/\/rse-online.de\/index.php?rest_route=\/wp\/v2\/posts\/10474\/revisions"}],"predecessor-version":[{"id":10475,"href":"https:\/\/rse-online.de\/index.php?rest_route=\/wp\/v2\/posts\/10474\/revisions\/10475"}],"wp:featuredmedia":[{"embeddable":true,"href":"https:\/\/rse-online.de\/index.php?rest_route=\/wp\/v2\/media\/9727"}],"wp:attachment":[{"href":"https:\/\/rse-online.de\/index.php?rest_route=%2Fwp%2Fv2%2Fmedia&parent=10474"}],"wp:term":[{"taxonomy":"category","embeddable":true,"href":"https:\/\/rse-online.de\/index.php?rest_route=%2Fwp%2Fv2%2Fcategories&post=10474"},{"taxonomy":"post_tag","embeddable":true,"href":"https:\/\/rse-online.de\/index.php?rest_route=%2Fwp%2Fv2%2Ftags&post=10474"}],"curies":[{"name":"wp","href":"https:\/\/api.w.org\/{rel}","templated":true}]}}